{"id":8261,"date":"2018-02-22T00:05:06","date_gmt":"2018-02-22T03:05:06","guid":{"rendered":"http:\/\/www.mormaii.com.br\/site\/?p=8261"},"modified":"2022-06-10T10:43:07","modified_gmt":"2022-06-10T13:43:07","slug":"bracada-perfeita-com-betina-lorscheitter","status":"publish","type":"post","link":"https:\/\/www.mormaii.com.br\/site\/bracada-perfeita-com-betina-lorscheitter\/","title":{"rendered":"Bra\u00e7ada Perfeita, com Betina Lorscheitter"},"content":{"rendered":"<div id=\"attachment_8262\" style=\"width: 710px\" class=\"wp-caption alignnone\"><img loading=\"lazy\" decoding=\"async\" aria-describedby=\"caption-attachment-8262\" class=\"size-full wp-image-8262\" src=\"http:\/\/www.mormaii.com.br\/site\/wp-content\/uploads\/2018\/02\/natacao-mormaii-betina-lorscheiter-2.jpg\" alt=\"\" width=\"700\" height=\"400\" srcset=\"https:\/\/www.mormaii.com.br\/site\/wp-content\/uploads\/2018\/02\/natacao-mormaii-betina-lorscheiter-2.jpg 700w, https:\/\/www.mormaii.com.br\/site\/wp-content\/uploads\/2018\/02\/natacao-mormaii-betina-lorscheiter-2-600x343.jpg 600w, https:\/\/www.mormaii.com.br\/site\/wp-content\/uploads\/2018\/02\/natacao-mormaii-betina-lorscheiter-2-300x171.jpg 300w\" sizes=\"(max-width: 700px) 100vw, 700px\" \/><p id=\"caption-attachment-8262\" class=\"wp-caption-text\">Por\u00a0Giovana de Paual<\/p><\/div>\n<p>\u201cA carreira de um atleta \u00e9 muito mais do que a cole\u00e7\u00e3o de t\u00edtulos, medalhas e trof\u00e9us\u201d, segundo a nadadora Betina Lorscheitter, nadadora da equipe Mormaii.<\/p>\n<p>Em 2010, vinda das piscinas, Betina Lorscheitter decidiu encarar novos desafios com as maratonas aqu\u00e1ticas.<\/p>\n<h3>Betina Lorscheitter e a Sele\u00e7\u00e3o Brasileira<\/h3>\n<p>J\u00e1 em 2011, conseguiu incluir seu nome entre os convocados para a Sele\u00e7\u00e3o Brasileira de Maratonas Aqu\u00e1ticas, quando disputou pela primeira vez uma das etapas da Copa do Mundo da modalidade.<\/p>\n<p>Em uma entrevista exclusiva \u00e0 coluna \u201cBra\u00e7ada Perfeita\u201d, ela conta como foi essa transi\u00e7\u00e3o e o que a levou das competi\u00e7\u00f5es das piscinas para o mar.<\/p>\n<p>\u201cSempre gostei muito de nadar no mar e at\u00e9 2010 havia competido poucas vezes em prova de \u00e1guas abertas, pois minha dedica\u00e7\u00e3o e foco de treinos eram para as competi\u00e7\u00f5es de piscina.<\/p>\n<p>Fui muito incentivada pelo meu treinador na \u00e9poca a nadar com mais frequ\u00eancia nas provas de maratonas aqu\u00e1ticas.<\/p>\n<p>Resolvemos fazer todo o circuito nacional daquele ano e acabei sendo vice-campe\u00e3\u201d, conta Betina.<\/p>\n<p>\u201cO bom resultado me motivou a treinar mais e modificar um pouco os meus treinos para adaptar meu corpo as provas mais longas.<\/p>\n<p>No come\u00e7o, a dist\u00e2ncia de 10 km era muito desgastante para mim. \u00c0 partir da segunda metade da prova, sentia muito cansa\u00e7o.<\/p>\n<p>Com mais experi\u00eancia e treinamento espec\u00edfico, me adaptei bem r\u00e1pido e passei a conseguir manter um ritmo forte at\u00e9 o fim da prova\u201d, revela.<\/p>\n<h3>Acompanhe a entrevista de Betina Lorscheitter<\/h3>\n<p><strong>Quando voc\u00ea optou pela transi\u00e7\u00e3o das piscinas para os mares, naquela ocasi\u00e3o, o que voc\u00ea diria para voc\u00ea e que n\u00e3o lhe foi falado e que voc\u00ea traz como principal li\u00e7\u00e3o?<\/strong><\/p>\n<p>Nas primeiras vezes que eu competi os 10 km eu me perguntava: \u201co que estou fazendo aqui?\u201d Ent\u00e3o eu dizia a mim mesma que a maratona aqu\u00e1tica n\u00e3o \u00e9 um esporte f\u00e1cil, mas voc\u00ea logo eu ia amar fazer isso.<\/p>\n<p><strong>Que li\u00e7\u00f5es voc\u00ea traz da conviv\u00eancia com a Poliana Okimoto no Clube Corinthians em S\u00e3o Paulo, quando fizeram parte da equipe? Tecnicamente o que mudou para voc\u00ea em sua nata\u00e7\u00e3o?<\/strong><\/p>\n<p>A Poliana sempre foi uma grande atleta e um exemplo pra mim e v\u00e1rios outros atletas por suas conquistas e t\u00edtulos.<\/p>\n<p>Essa oportunidade de conviver diariamente com ela e treinarmos juntas s\u00f3 refor\u00e7ou pra mim essa imagem de \u00eddolo e refer\u00eancia no esporte.<\/p>\n<p>Muito dedicada e determinada em todos os aspectos da vida de atleta e como pessoa sempre positiva e do bem.<\/p>\n<p><strong>Em 2013, quando voc\u00ea retornou ao Gr\u00eamio N\u00e1utico Uni\u00e3o de Porto Alegre e auxiliou sua equipe a se tornar campe\u00e3 do Circuito Brasileiro de Maratonas Aqu\u00e1ticas. Como tem sido esta influ\u00eancia dentro do clube e como voc\u00ea procura passar sua experi\u00eancia aos nadadores mais jovens?<\/strong><\/p>\n<p>Foi muito bom poder voltar pra \u201ccasa\u201d. O GNU foi o clube onde eu conquistei meus primeiros t\u00edtulos e onde a minha carreira de atleta teve in\u00edcio.<\/p>\n<p>Lembro-me de muitos sonhos e objetivos dessa fase de crian\u00e7a, hoje posso dizer que realizei a maioria deles.<\/p>\n<p>Temos na equipe atletas de v\u00e1rias faixas de idade e uma boa comunica\u00e7\u00e3o entre todos.<\/p>\n<p>Tento passar um pouco da minha experi\u00eancia aos iniciantes sempre que identifico algu\u00e9m que precise de um conselho ou ajuda e tamb\u00e9m sei que qualquer um deles tem a liberdade de vir at\u00e9 mim se precisar.<\/p>\n<p><strong>Voc\u00ea tem consci\u00eancia que, com esta influ\u00eancia junto aos nadadores mais jovens, est\u00e1 escrevendo o seu legado no esporte?<\/strong><\/p>\n<p>Sim. Eu acredito que a carreira de um atleta \u00e9 muito mais do que a cole\u00e7\u00e3o de t\u00edtulos, medalhas e trof\u00e9us que ele tenha.<\/p>\n<p>\u00c9 tamb\u00e9m o exemplo, os valores que ele e o esporte que pratica, possuem e transmitem.<\/p>\n<p>A soma disso \u00e9 poderosa e impacta na vida de muita gente.<\/p>\n<p>Isso \u00e9 muito prazeroso, saber que voc\u00ea pode impactar positivamente as pessoas que te admiram, mas tamb\u00e9m \u00e9 algo de grande responsabilidade.<\/p>\n<p><strong>N\u00e3o \u00e9 f\u00e1cil ter como uniforme de trabalho mai\u00f4, toca e \u00f3culos de nata\u00e7\u00e3o em uma cidade com um frio t\u00e3o rigoroso como Porto Alegre. N\u00e3o d\u00e1 vontade de trocar a piscina por um bom chimarr\u00e3o e um churrasco em alguns momentos? Como \u00e9 nortear a vida baseada em foco, garra e concentra\u00e7\u00e3o?<\/strong><\/p>\n<p>A rotina de um atleta de alto n\u00edvel \u00e9 sim muito dura e desgastante. Exige dedica\u00e7\u00e3o e comprometimento.<\/p>\n<p>Tem dias que o tempo vai estar frio ou voc\u00ea vai estar muito cansada ou mesmo com algum problema pessoal, somos humanos e n\u00e3o m\u00e1quinas.<\/p>\n<p>Por\u00e9m em todos esses dias dif\u00edceis eu tento pensar dos motivos que me levam a fazer o que eu fa\u00e7o, dos meus objetivos, do que eu quero conquistar.<\/p>\n<p>Isso me d\u00e1 for\u00e7a e motiva\u00e7\u00e3o pra sair da cama e fazer o melhor que eu puder.<\/p>\n<p><strong>Na Travessia do Canal de Ilhabela voc\u00ea venceu a prova registrando o tempo recorde de 34 minutos. Como voc\u00ea trabalha a mente nestes momentos de desafio?\u00a0<\/strong><\/p>\n<p>N\u00f3s atletas das maratonas aqu\u00e1ticas temos que estar preparados pra qualquer tipo de condi\u00e7\u00f5es de prova.<\/p>\n<p>Nenhuma prova \u00e9 igual \u00e0 outra, mesmo sendo no mesmo local. A interfer\u00eancia do clima \u00e9 intensa nesse esporte.<\/p>\n<p>Eu particularmente gosto de nadar em \u00e1gua fria e costumo me sentir muito bem quando a temperatura da \u00e1gua esta entre 20 e 24 graus.<\/p>\n<p>Quando as condi\u00e7\u00f5es s\u00e3o adversas, isso \u00e9 sentido por todos os atletas, os fatores externos n\u00e3o podemos controlar, mas podemos lidar com eles deforma que n\u00e3o nos afetem negativamente.<\/p>\n<p><strong>Perder ou ganhar faz parte da vida n\u00e3o somente dos atletas, mas de todos os seres humanos. Voc\u00ea costuma dizer que uma das provas mais marcantes em sua vida foi uma na qual \u2018nada deu certo\u2019. Conte-nos qual foi essa prova e nos d\u00ea os detalhes daquele dia e como aquele sofrimento forjou a atleta e a pessoa Betina Martins Lorscheitter.\u00a0<\/strong><\/p>\n<p>Sim, a prova mais marcante pra mim foi uma prova que valia a vaga para o Panamericano de 2015 e eu falhei.<\/p>\n<p>Nada deu certo naquele dia e por mais que tivesse lutado at\u00e9 o fim contra a correnteza do local eu n\u00e3o consegui a vaga.<\/p>\n<p>Foi mais decepcionante ainda pelo fato de ter deixado o Brasil com apenas uma representante no feminino para a competi\u00e7\u00e3o.<\/p>\n<p>Mas aprendi muito com essa prova e o mal resultado me deu muito mais for\u00e7a pra algumas semanas depois conseguir a vaga para o campeonato mundial de Kazan.<\/p>\n<p>Eu fui com tudo para aquela disputa que iria definir a sele\u00e7\u00e3o brasileira para representar o Brasil na competi\u00e7\u00e3o mais importante do ano.<\/p>\n<p>Essa for\u00e7a \u2018extra\u2019 veio do sentimento de frustra\u00e7\u00e3o que vivenciei, e n\u00e3o queria de jeito nenhum sentir de novo.<\/p>\n<p><strong>\u00c9 muita responsabilidade ter um \u00eddolo como Maria Lenk, \u00fanica mulher do pa\u00eds a ter o seu nome no Swimming Hall of Fame, em Fort Lauderdale, Fl\u00f3rida. Voc\u00ea comentou certa vez que seu sonho \u00e9 chegar como ela, aos 90 anos com o mesmo amor pela nata\u00e7\u00e3o que tem hoje. Como \u00e9 a \u2018magia\u2019 deste esporte, sob o seu ponto de vista?\u00a0<\/strong><\/p>\n<p>A nata\u00e7\u00e3o \u00e9 um esporte muito completo tanto para o corpo quanto pra mente. Nadando voc\u00ea quase consegue se desligar do mundo e estar s\u00f3 com seus pensamento.<\/p>\n<p>Eu nado desde que tenho as minhas primeiras lembran\u00e7as, na inf\u00e2ncia era s\u00f3 divers\u00e3o depois se tornou a minha profiss\u00e3o.<\/p>\n<p>Eu sei que a carreira de atleta profissional um dia acaba, mas a nata\u00e7\u00e3o, tenho certeza que continuar\u00e1 na minha vida pra sempre.<\/p>\n<p>Essa \u00e9 a magia desse esporte, voc\u00ea \u00e9 literalmente envolvido por ele!<\/p>\n<p>Para quem gosta \u00e9 mais do que um esporte, \u00e9 um estilo de vida. No caso das \u00e1guas abertas ainda mais, por voc\u00ea estar diretamente em contato com a natureza.<\/p>\n<p><strong>Maria Lenk contava que, junto com outros 68 atletas da equipe brasileira, custearam a viagem para competir nas Olimp\u00edadas de Los Angeles em 1932 vendendo o caf\u00e9 que levaram no por\u00e3o do navio. Competir como amador e vencer como profissional, no esporte e na vida. Seria essa a li\u00e7\u00e3o deixada por ela?<\/strong><\/p>\n<p>Acredito que sim. Muitas vezes n\u00f3s profissionais estamos t\u00e3o focados em competir que acabamos perdendo um pouco esse esp\u00edrito que a galera do amador tem: do prazer em simplesmente nadar e contemplar a beleza desse esporte e do ambiente.<\/p>\n<p>Tamb\u00e9m por isso eu gosto tanto de competir em provas amadoras, porque o contato com eles nos lembra que tem muita coisa al\u00e9m de chegar em primeiro lugar.<\/p>\n<p><strong>Betina, qual \u00e9 a sua bra\u00e7ada perfeita?<\/strong><\/p>\n<p>A bra\u00e7ada perfeita pra mim ser\u00e1 aquela que me colocar\u00e1 nas pr\u00f3ximas olimp\u00edadas.<\/p>\n<p>Esse \u00e9, e sempre foi, meu grande sonho e objetivo no esporte.<\/p>\n<p>Desde quando eu comecei a nadar pensava em representar o meu pa\u00eds nos jogos ol\u00edmpicos e ainda acredito muito nisso!<\/p>\n<p><strong>A nata\u00e7\u00e3o como fator agregador de f\u00edsico, alma e conquistas:<\/strong><\/p>\n<p>A nata\u00e7\u00e3o me faz muito bem, tanto para o meu corpo quanto pra minha mente.<\/p>\n<p>Aprendi muito em todos esses anos, os valores do esporte me formaram e fazem parte do que eu sou com pessoa hoje.<\/p>\n<p>As pessoas que eu conheci e as oportunidades incr\u00edveis que j\u00e1 tive s\u00f3 me fazem sentir muita gratid\u00e3o por esse esporte.<\/p>\n<p><strong>Principal objetivo a ser alcan\u00e7ado?<\/strong><\/p>\n<p>Jogos ol\u00edmpicos de T\u00f3quio 2020.<\/p>\n<p><strong>O diferencial entre o esporte amador e o profissional?<\/strong><\/p>\n<p>O amador vive muito mais o prazer de estar praticando o esporte.<\/p>\n<p>Para o profissional muitas vezes n\u00e3o \u00e9 prazeroso, por mais que amamos o que fazemos, voc\u00ea n\u00e3o para com a dor ou com o cansa\u00e7o, voc\u00ea vai at\u00e9 o limite, passa longe da sua zona de conforto em busca do seu objetivo profissional.<\/p>\n<p><strong>Uma lembran\u00e7a marcante?<\/strong><\/p>\n<p>A primeira vez que eu bati um recorde nacional na categoria infantil na prova dos 400m livre.<\/p>\n<p>Eu tinha 14 anos e me lembro at\u00e9 hoje do locutor anunciando meu feito e meu nome no microfone enquanto eu saia da piscina.<\/p>\n<p>Olhava pra arquibancada e via meu t\u00e9cnico e meus colegas de equipe vibrando muito.<\/p>\n<p>Foi um momento muito empolgante e feliz, acho que foi ali que tive a certeza de que era o que eu queria fazer da minha vida por muitos anos: ser atleta, vencer, me desafiar e quebrar recordes.<\/p>\n<p><strong>Porque nadar \u00e9 poss\u00edvel para todos?<\/strong><\/p>\n<p>Porque s\u00f3 depende de voc\u00ea. \u00c9 um esporte individual que depende da sua for\u00e7a de vontade, dedica\u00e7\u00e3o e disciplina.<\/p>\n<p>\u00c9 um esporte que exige bastante do seu corpo, mas n\u00e3o descrimina ningu\u00e9m. Basta querer e come\u00e7ar de acordo com suas limita\u00e7\u00f5es t\u00e9cnicas.<\/p>\n<h3>Perfil\u00a0Betina Lorscheitter<\/h3>\n<p>\u2013 Nome completo: Betina Martins Lorscheitter<\/p>\n<p>\u2013 Idade: 27 anos<\/p>\n<p>\u2013 Data e local de Nascimento: 10 de junho de 1990, em Porto Alegre (RS)<\/p>\n<h3>Melhores marcas na carreira<\/h3>\n<ul>\n<li>Campe\u00e3 Brasileira de Maratonas Aqu\u00e1ticas &#8211; 2015<\/li>\n<li>4\u00aa Lugar Copa do Mundo FINA \u2013 Portugal &#8211; 2015<\/li>\n<li>Vice-Campe\u00e3 Sul-Americana de Maratonas Aqu\u00e1ticas \u2013 Paraguai &#8211;\u00a02016<\/li>\n<li>Vice-Campe\u00e3 Brasileira de Maratonas Aqu\u00e1ticas &#8211;\u00a02016<\/li>\n<li>19\u00aa Lugar CAMPEONATO MUNDIAL \u2013 Hungria &#8211;\u00a02017<\/li>\n<li>3\u00aa Lugar Campeonato Brasileiro de Maratonas Aqu\u00e1ticas &#8211;\u00a02017<\/li>\n<\/ul>\n<div id=\"attachment_8350\" style=\"width: 1413px\" class=\"wp-caption alignnone\"><a href=\"http:\/\/www.natacaomormaii.com.br\/\" target=\"_blank\" rel=\"noopener\"><img loading=\"lazy\" decoding=\"async\" aria-describedby=\"caption-attachment-8350\" class=\"wp-image-8350 size-full\" src=\"http:\/\/www.mormaii.com.br\/site\/wp-content\/uploads\/2018\/02\/mormaii-natacao.jpg\" alt=\"\" width=\"1403\" height=\"443\" srcset=\"https:\/\/www.mormaii.com.br\/site\/wp-content\/uploads\/2018\/02\/mormaii-natacao.jpg 1403w, https:\/\/www.mormaii.com.br\/site\/wp-content\/uploads\/2018\/02\/mormaii-natacao-300x95.jpg 300w, https:\/\/www.mormaii.com.br\/site\/wp-content\/uploads\/2018\/02\/mormaii-natacao-768x242.jpg 768w, https:\/\/www.mormaii.com.br\/site\/wp-content\/uploads\/2018\/02\/mormaii-natacao-1024x323.jpg 1024w, https:\/\/www.mormaii.com.br\/site\/wp-content\/uploads\/2018\/02\/mormaii-natacao-600x189.jpg 600w\" sizes=\"(max-width: 1403px) 100vw, 1403px\" \/><\/a><p id=\"caption-attachment-8350\" class=\"wp-caption-text\">Clique e conhe\u00e7a os produtos Mormaii Nata\u00e7\u00e3o<\/p><\/div>\n","protected":false},"excerpt":{"rendered":"<p>\u201cA carreira de um atleta \u00e9 muito mais do que a cole\u00e7\u00e3o de t\u00edtulos, medalhas e trof\u00e9us\u201d, segundo a nadadora Betina Lorscheitter, nadadora da equipe Mormaii. Em 2010, vinda das piscinas, Betina Lorscheitter decidiu encarar novos desafios com as maratonas aqu\u00e1ticas. Betina Lorscheitter e a Sele\u00e7\u00e3o Brasileira J\u00e1 em 2011, conseguiu incluir seu nome entre [&hellip;]<\/p>\n","protected":false},"author":5,"featured_media":8262,"comment_status":"closed","ping_status":"closed","sticky":false,"template":"","format":"standard","meta":{"_uag_custom_page_level_css":"","_mi_skip_tracking":false,"footnotes":""},"categories":[40,914,7],"tags":[392,282,29,357,370],"class_list":["post-8261","post","type-post","status-publish","format-standard","has-post-thumbnail","hentry","category-esportes","category-mormaii","category-novidades","tag-betina-lorscheitter","tag-home","tag-mormaii","tag-mormaii-natacao","tag-natacao"],"acf":[],"uagb_featured_image_src":{"full":["https:\/\/www.mormaii.com.br\/site\/wp-content\/uploads\/2018\/02\/natacao-mormaii-betina-lorscheiter-2.jpg",700,400,false],"thumbnail":["https:\/\/www.mormaii.com.br\/site\/wp-content\/uploads\/2018\/02\/natacao-mormaii-betina-lorscheiter-2-150x150.jpg",150,150,true],"medium":["https:\/\/www.mormaii.com.br\/site\/wp-content\/uploads\/2018\/02\/natacao-mormaii-betina-lorscheiter-2-300x171.jpg",300,171,true],"medium_large":["https:\/\/www.mormaii.com.br\/site\/wp-content\/uploads\/2018\/02\/natacao-mormaii-betina-lorscheiter-2.jpg",700,400,false],"large":["https:\/\/www.mormaii.com.br\/site\/wp-content\/uploads\/2018\/02\/natacao-mormaii-betina-lorscheiter-2.jpg",700,400,false],"1536x1536":["https:\/\/www.mormaii.com.br\/site\/wp-content\/uploads\/2018\/02\/natacao-mormaii-betina-lorscheiter-2.jpg",700,400,false],"2048x2048":["https:\/\/www.mormaii.com.br\/site\/wp-content\/uploads\/2018\/02\/natacao-mormaii-betina-lorscheiter-2.jpg",700,400,false],"qi_addons_for_elementor_image_size_square":["https:\/\/www.mormaii.com.br\/site\/wp-content\/uploads\/2018\/02\/natacao-mormaii-betina-lorscheiter-2.jpg",650,371,false],"qi_addons_for_elementor_image_size_landscape":["https:\/\/www.mormaii.com.br\/site\/wp-content\/uploads\/2018\/02\/natacao-mormaii-betina-lorscheiter-2.jpg",700,400,false],"qi_addons_for_elementor_image_size_portrait":["https:\/\/www.mormaii.com.br\/site\/wp-content\/uploads\/2018\/02\/natacao-mormaii-betina-lorscheiter-2.jpg",650,371,false],"qi_addons_for_elementor_image_size_huge-square":["https:\/\/www.mormaii.com.br\/site\/wp-content\/uploads\/2018\/02\/natacao-mormaii-betina-lorscheiter-2.jpg",700,400,false]},"uagb_author_info":{"display_name":"Tissot","author_link":"https:\/\/www.mormaii.com.br\/site\/author\/fabiano\/"},"uagb_comment_info":0,"uagb_excerpt":"\u201cA carreira de um atleta \u00e9 muito mais do que a cole\u00e7\u00e3o de t\u00edtulos, medalhas e trof\u00e9us\u201d, segundo a nadadora Betina Lorscheitter, nadadora da equipe Mormaii. Em 2010, vinda das piscinas, Betina Lorscheitter decidiu encarar novos desafios com as maratonas aqu\u00e1ticas. Betina Lorscheitter e a Sele\u00e7\u00e3o Brasileira J\u00e1 em 2011, conseguiu incluir seu nome entre&hellip;","_links":{"self":[{"href":"https:\/\/www.mormaii.com.br\/site\/wp-json\/wp\/v2\/posts\/8261"}],"collection":[{"href":"https:\/\/www.mormaii.com.br\/site\/wp-json\/wp\/v2\/posts"}],"about":[{"href":"https:\/\/www.mormaii.com.br\/site\/wp-json\/wp\/v2\/types\/post"}],"author":[{"embeddable":true,"href":"https:\/\/www.mormaii.com.br\/site\/wp-json\/wp\/v2\/users\/5"}],"replies":[{"embeddable":true,"href":"https:\/\/www.mormaii.com.br\/site\/wp-json\/wp\/v2\/comments?post=8261"}],"version-history":[{"count":5,"href":"https:\/\/www.mormaii.com.br\/site\/wp-json\/wp\/v2\/posts\/8261\/revisions"}],"predecessor-version":[{"id":8351,"href":"https:\/\/www.mormaii.com.br\/site\/wp-json\/wp\/v2\/posts\/8261\/revisions\/8351"}],"wp:featuredmedia":[{"embeddable":true,"href":"https:\/\/www.mormaii.com.br\/site\/wp-json\/wp\/v2\/media\/8262"}],"wp:attachment":[{"href":"https:\/\/www.mormaii.com.br\/site\/wp-json\/wp\/v2\/media?parent=8261"}],"wp:term":[{"taxonomy":"category","embeddable":true,"href":"https:\/\/www.mormaii.com.br\/site\/wp-json\/wp\/v2\/categories?post=8261"},{"taxonomy":"post_tag","embeddable":true,"href":"https:\/\/www.mormaii.com.br\/site\/wp-json\/wp\/v2\/tags?post=8261"}],"curies":[{"name":"wp","href":"https:\/\/api.w.org\/{rel}","templated":true}]}}