{"id":8295,"date":"2018-02-20T08:00:46","date_gmt":"2018-02-20T11:00:46","guid":{"rendered":"http:\/\/www.mormaii.com.br\/site\/?p=8295"},"modified":"2022-06-10T10:40:44","modified_gmt":"2022-06-10T13:40:44","slug":"carlos-burle-surfline-nazare","status":"publish","type":"post","link":"https:\/\/www.mormaii.com.br\/site\/carlos-burle-surfline-nazare\/","title":{"rendered":"Carlos Burle no Surfline com uma bomba em Nazar\u00e9"},"content":{"rendered":"<p><img loading=\"lazy\" decoding=\"async\" class=\"alignnone size-full wp-image-8296\" src=\"http:\/\/www.mormaii.com.br\/site\/wp-content\/uploads\/2018\/02\/carlos-burle-nazare-surf.jpg\" alt=\"\" width=\"1910\" height=\"1063\" srcset=\"https:\/\/www.mormaii.com.br\/site\/wp-content\/uploads\/2018\/02\/carlos-burle-nazare-surf.jpg 1910w, https:\/\/www.mormaii.com.br\/site\/wp-content\/uploads\/2018\/02\/carlos-burle-nazare-surf-300x167.jpg 300w, https:\/\/www.mormaii.com.br\/site\/wp-content\/uploads\/2018\/02\/carlos-burle-nazare-surf-768x427.jpg 768w, https:\/\/www.mormaii.com.br\/site\/wp-content\/uploads\/2018\/02\/carlos-burle-nazare-surf-1024x570.jpg 1024w, https:\/\/www.mormaii.com.br\/site\/wp-content\/uploads\/2018\/02\/carlos-burle-nazare-surf-600x334.jpg 600w\" sizes=\"(max-width: 1910px) 100vw, 1910px\" \/><\/p>\n<h3>Carlos Burle surfa Nazar\u00e9 gigante<\/h3>\n<p>Carlos Burle, aos 50 anos de idade, surfou uma onda gigante em Nazar\u00e9 durante o \u00faltimo swell e recebeu amplo destaque do <a href=\"http:\/\/www.surfline.com\/surf-news\/50-year-old-brazilian-champ-surfed-his-last-heat-at-nazar----now-the-real-fun-begins-coaching-big-wave-tour-dy_151893\/\" target=\"_blank\" rel=\"noopener\">Surfline, maior site de surf do planeta<\/a>.<\/p>\n<p><a href=\"http:\/\/www.mormaii.com.br\/site\/carlosburle\/\" target=\"_blank\" rel=\"noopener\">O atleta da equipe Mormaii<\/a> esteve em Portugal para sua despedida das competi\u00e7\u00f5es durante o Nazar\u00e9 Challenge.<\/p>\n<p>Mas com a chegada de uma nova ondula\u00e7\u00e3o, manteve-se por l\u00e1 na espera da a\u00e7\u00e3o.<\/p>\n<p>O dia foi intenso e mais uma sess\u00e3o pesada rolou na Praia do Norte.<\/p>\n<p><iframe loading=\"lazy\" src=\"https:\/\/www.youtube.com\/embed\/aHO4QaVa9G8\" width=\"700\" height=\"400\" frameborder=\"0\" allowfullscreen=\"allowfullscreen\"><span data-mce-type=\"bookmark\" style=\"display: inline-block; width: 0px; overflow: hidden; line-height: 0;\" class=\"mce_SELRES_start\">\ufeff<\/span><\/iframe><\/p>\n<p><span style=\"font-weight: 400;\">&#8220;Depois de puxar o Lucas e pilotar para o c\u00e2mera, finalmente chegou minha vez de surfar. Em menos de 15 minutos peguei tr\u00eas ondas, sendo essa uma delas! O surf e sua forte rela\u00e7\u00e3o com a natureza, vem me\u00a0<\/span><span style=\"font-weight: 400;\">ensinando a cada vez mais fazer a nossa parte. Mas tamb\u00e9m entender que o universo sabe o que \u00e9 melhor para n\u00f3s. Agrade\u00e7o a todos que estavam l\u00e1 presentes. A equipe fot\u00f3grafos e c\u00e2meras&#8221;, declara o bicampe\u00e3o mundial de ondas grandes.<\/span><\/p>\n<p>A seguir, voc\u00ea assiste um v\u00eddeo irado com a sess\u00e3o completa.<\/p>\n<p><iframe loading=\"lazy\" src=\"https:\/\/www.youtube.com\/embed\/6aDFFAZWy54\" width=\"700\" height=\"400\" frameborder=\"0\" allowfullscreen=\"allowfullscreen\"><span data-mce-type=\"bookmark\" style=\"display: inline-block; width: 0px; overflow: hidden; line-height: 0;\" class=\"mce_SELRES_start\">\ufeff<\/span><\/iframe><\/p>\n","protected":false},"excerpt":{"rendered":"<p>Carlos Burle surfa Nazar\u00e9 gigante Carlos Burle, aos 50 anos de idade, surfou uma onda gigante em Nazar\u00e9 durante o \u00faltimo swell e recebeu amplo destaque do Surfline, maior site de surf do planeta. O atleta da equipe Mormaii esteve em Portugal para sua despedida das competi\u00e7\u00f5es durante o Nazar\u00e9 Challenge. Mas com a chegada [&hellip;]<\/p>\n","protected":false},"author":5,"featured_media":8296,"comment_status":"closed","ping_status":"closed","sticky":false,"template":"","format":"standard","meta":{"_uag_custom_page_level_css":"","_mi_skip_tracking":false,"footnotes":""},"categories":[40,914,7,345],"tags":[331,394,311,282,334,335,253],"class_list":["post-8295","post","type-post","status-publish","format-standard","has-post-thumbnail","hentry","category-esportes","category-mormaii","category-novidades","category-surf","tag-big-surf","tag-big-waves","tag-carlos-burle","tag-home","tag-nazare","tag-portugal","tag-surf"],"acf":[],"uagb_featured_image_src":{"full":["https:\/\/www.mormaii.com.br\/site\/wp-content\/uploads\/2018\/02\/carlos-burle-nazare-surf.jpg",1910,1063,false],"thumbnail":["https:\/\/www.mormaii.com.br\/site\/wp-content\/uploads\/2018\/02\/carlos-burle-nazare-surf-150x150.jpg",150,150,true],"medium":["https:\/\/www.mormaii.com.br\/site\/wp-content\/uploads\/2018\/02\/carlos-burle-nazare-surf-300x167.jpg",300,167,true],"medium_large":["https:\/\/www.mormaii.com.br\/site\/wp-content\/uploads\/2018\/02\/carlos-burle-nazare-surf-768x427.jpg",768,427,true],"large":["https:\/\/www.mormaii.com.br\/site\/wp-content\/uploads\/2018\/02\/carlos-burle-nazare-surf-1024x570.jpg",1024,570,true],"1536x1536":["https:\/\/www.mormaii.com.br\/site\/wp-content\/uploads\/2018\/02\/carlos-burle-nazare-surf.jpg",1536,855,false],"2048x2048":["https:\/\/www.mormaii.com.br\/site\/wp-content\/uploads\/2018\/02\/carlos-burle-nazare-surf.jpg",1910,1063,false],"qi_addons_for_elementor_image_size_square":["https:\/\/www.mormaii.com.br\/site\/wp-content\/uploads\/2018\/02\/carlos-burle-nazare-surf.jpg",650,362,false],"qi_addons_for_elementor_image_size_landscape":["https:\/\/www.mormaii.com.br\/site\/wp-content\/uploads\/2018\/02\/carlos-burle-nazare-surf.jpg",1168,650,false],"qi_addons_for_elementor_image_size_portrait":["https:\/\/www.mormaii.com.br\/site\/wp-content\/uploads\/2018\/02\/carlos-burle-nazare-surf.jpg",650,362,false],"qi_addons_for_elementor_image_size_huge-square":["https:\/\/www.mormaii.com.br\/site\/wp-content\/uploads\/2018\/02\/carlos-burle-nazare-surf.jpg",1300,724,false]},"uagb_author_info":{"display_name":"Tissot","author_link":"https:\/\/www.mormaii.com.br\/site\/author\/fabiano\/"},"uagb_comment_info":0,"uagb_excerpt":"Carlos Burle surfa Nazar\u00e9 gigante Carlos Burle, aos 50 anos de idade, surfou uma onda gigante em Nazar\u00e9 durante o \u00faltimo swell e recebeu amplo destaque do Surfline, maior site de surf do planeta. O atleta da equipe Mormaii esteve em Portugal para sua despedida das competi\u00e7\u00f5es durante o Nazar\u00e9 Challenge. Mas com a chegada&hellip;","_links":{"self":[{"href":"https:\/\/www.mormaii.com.br\/site\/wp-json\/wp\/v2\/posts\/8295"}],"collection":[{"href":"https:\/\/www.mormaii.com.br\/site\/wp-json\/wp\/v2\/posts"}],"about":[{"href":"https:\/\/www.mormaii.com.br\/site\/wp-json\/wp\/v2\/types\/post"}],"author":[{"embeddable":true,"href":"https:\/\/www.mormaii.com.br\/site\/wp-json\/wp\/v2\/users\/5"}],"replies":[{"embeddable":true,"href":"https:\/\/www.mormaii.com.br\/site\/wp-json\/wp\/v2\/comments?post=8295"}],"version-history":[{"count":6,"href":"https:\/\/www.mormaii.com.br\/site\/wp-json\/wp\/v2\/posts\/8295\/revisions"}],"predecessor-version":[{"id":8311,"href":"https:\/\/www.mormaii.com.br\/site\/wp-json\/wp\/v2\/posts\/8295\/revisions\/8311"}],"wp:featuredmedia":[{"embeddable":true,"href":"https:\/\/www.mormaii.com.br\/site\/wp-json\/wp\/v2\/media\/8296"}],"wp:attachment":[{"href":"https:\/\/www.mormaii.com.br\/site\/wp-json\/wp\/v2\/media?parent=8295"}],"wp:term":[{"taxonomy":"category","embeddable":true,"href":"https:\/\/www.mormaii.com.br\/site\/wp-json\/wp\/v2\/categories?post=8295"},{"taxonomy":"post_tag","embeddable":true,"href":"https:\/\/www.mormaii.com.br\/site\/wp-json\/wp\/v2\/tags?post=8295"}],"curies":[{"name":"wp","href":"https:\/\/api.w.org\/{rel}","templated":true}]}}