{"id":836,"date":"2016-04-04T13:33:38","date_gmt":"2016-04-04T13:33:38","guid":{"rendered":"http:\/\/www.mormaii.com.br\/site\/?p=836"},"modified":"2022-06-10T10:30:55","modified_gmt":"2022-06-10T13:30:55","slug":"noticiasix-volta-ecologica-a-ilha-dos-marinheiros-24km","status":"publish","type":"post","link":"https:\/\/www.mormaii.com.br\/site\/noticiasix-volta-ecologica-a-ilha-dos-marinheiros-24km\/","title":{"rendered":"IX Volta Ecol\u00f3gica a ilha dos Marinheiros &#8211; 24KM"},"content":{"rendered":"<p>A 9\u00aa Volta Ecol\u00f3gica Ilha dos Marinheiros foi, mais uma vez, vencida pelo rio-grandino Marcos Nunes de Souza. Aos 31 anos, ele subiu na manh\u00e3 do \u00faltimo domingo, pela quarta vez, ao lugar mais alto do p\u00f3dio ao cruzar a linha de chegada com o tempo de 1:29:15, marca que supera as duas \u00faltimas edi\u00e7\u00f5es. No feminino, Ana Betriz da Veiga, de Porto Alegre, foi a grande vencedora.<\/p>\n<div id=\"integra\">\n<p>Com a organiza\u00e7\u00e3o da Acorrg (Associa\u00e7\u00e3o do Corredores de Rua do Rio Grande), 440 atletas conclu\u00edram as quatro modalidades realizadas na Ilha do Marinheiros: 24Km, 10Km, 5Km e Caminhada. Na principal disputa, o pelot\u00e3o feminino ganhou uma novidade. Pela primeira vez disputando a Volta da Ilha, Ana Betriz da Veiga, atleta de Porto Alegre, roubou a cena ao bater as irm\u00e3s pelotenses Ver\u00f4nica e M\u00f4nica Chaves. A corredora da Capital completou o percurso com o tempo de 1:49:20 e n\u00e3o poupou elogios \u00e0 prova: \u201cEstou muito feliz pelo resultado, venho de uma prova pesada no Rio de Janeiro, por isso n\u00e3o tinha certeza se ia conseguir estar aqui. Fiquei maravilhada com este local e com a prova que se revela surpreendente\u201d, destacou Ana, que, em 2009, correu a Supermaratona, ficando na 6\u00aa coloca\u00e7\u00e3o.<\/p>\n<p>Entre os homens, Marcos Nunes de Souza confirmou seu favoritismo vencendo com tranquilidade. Apesar de n\u00e3o ter tido sua vit\u00f3ria amea\u00e7ada em nenhum momento, ele revelou: \u201cOptei por uma sa\u00edda forte que me desse condi\u00e7\u00f5es de abrir boa vantagem, o que deu certo, pois nos quil\u00f4metros finais, senti um pouco de desgate. Mas tudo deu certo e estamos comemorando mais uma vit\u00f3ria\u201d, disse. A segunda coloca\u00e7\u00e3o foi ocupada por Gabriel Dias Nobre, que, em 2014, havia conseguido a 4\u00aa coloca\u00e7\u00e3o: \u201c \u00c9 uma alegria imensa ter conseguido a segunda coloca\u00e7\u00e3o, o Marcos (Nunes) \u00e9 um exemplo pra mim\u201d, destacou.<\/p>\n<p>Foram parceiras no evento, a Prefeitura do Rio Grande e Esporte Clube Libertador, o qual sediou toda a estrutura. Os apoios foram da Corsan, Porto do Rio Grande, Mormaii e Flex Nutrion.<\/p>\n<p>Confira as principais coloca\u00e7\u00f5es :<\/p>\n<p>5KM<\/p>\n<p>Masculino<\/p>\n<p>Renan Souza da Silva \u2013 Ascon<br \/>Gilnei Vit\u00f3ria Gomes \u2013 6\u00ba GAC<br \/>Carlos Eleno Rocha \u2013 Ascorp<\/p>\n<p>Feminino<\/p>\n<p>Tainara Borges Viana \u2013 Transpyre<br \/>Denise da Silva Leite \u2013 Transpyre<br \/>P\u00e2mela Borba \u2013 Avulso<\/p>\n<p>10km<\/p>\n<p>Masculino<\/p>\n<p>Cleo Cozza Azevedo \u2013 D-Flash<br \/>Marcelo Jesus Costa \u2013 D-Flash<br \/>Ronilson Gon\u00e7alves- Transpyre<\/p>\n<p>Feminino<\/p>\n<p>Daniela Louren\u00e7o \u2013 D-Flash<br \/>Fabiana Henriques \u2013 Transpyre<br \/>Rosa Maria Gomes \u2013 F\u00e1brica de Atletas<\/p>\n<p>24Km<\/p>\n<p>Masculino<\/p>\n<p>Marcos Nunes de Souza \u2013 Ferragem Mundial\/Sabrina Ribes<br \/>Gabriel Dias Nobre \u2013 Tauro<br \/>Moises Dias da Rocha \u2013 Cia dos Cavalos<br \/>Pablo Oliveira Mesquita \u2013 Acorba<br \/>Rog\u00e9rio Martins \u2013 CCGL<\/p>\n<p>Feminino<\/p>\n<p>Ana Beatriz da Veiga \u2013 Porto Alegre<br \/>Ver\u00f4nica Almeida Chaves \u2013 Pelotas<br \/>M\u00f4nica Regina Almeida Chaves \u2013 Pelotas<br \/>Vera Nunes \u2013 Regatas<br \/>Jaqueline Vargas \u2013 Regatas<\/p>\n<\/div>\n","protected":false},"excerpt":{"rendered":"<p>A 9\u00aa Volta Ecol\u00f3gica Ilha dos Marinheiros foi, mais uma vez, vencida pelo rio-grandino Marcos Nunes de Souza. Aos 31 anos, ele subiu na manh\u00e3 do \u00faltimo domingo, pela quarta vez, ao lugar mais alto do p\u00f3dio ao cruzar a linha de chegada com o tempo de 1:29:15, marca que supera as duas \u00faltimas edi\u00e7\u00f5es. [&hellip;]<\/p>\n","protected":false},"author":3,"featured_media":837,"comment_status":"open","ping_status":"open","sticky":false,"template":"","format":"standard","meta":{"_uag_custom_page_level_css":"","_mi_skip_tracking":false,"footnotes":""},"categories":[914,7],"tags":[],"class_list":["post-836","post","type-post","status-publish","format-standard","has-post-thumbnail","hentry","category-mormaii","category-novidades"],"acf":[],"uagb_featured_image_src":{"full":["https:\/\/www.mormaii.com.br\/site\/wp-content\/uploads\/2017\/06\/639315a59b049315e174.jpg",1600,959,false],"thumbnail":["https:\/\/www.mormaii.com.br\/site\/wp-content\/uploads\/2017\/06\/639315a59b049315e174-150x150.jpg",150,150,true],"medium":["https:\/\/www.mormaii.com.br\/site\/wp-content\/uploads\/2017\/06\/639315a59b049315e174-300x180.jpg",300,180,true],"medium_large":["https:\/\/www.mormaii.com.br\/site\/wp-content\/uploads\/2017\/06\/639315a59b049315e174-768x460.jpg",768,460,true],"large":["https:\/\/www.mormaii.com.br\/site\/wp-content\/uploads\/2017\/06\/639315a59b049315e174-1024x614.jpg",1024,614,true],"1536x1536":["https:\/\/www.mormaii.com.br\/site\/wp-content\/uploads\/2017\/06\/639315a59b049315e174.jpg",1536,921,false],"2048x2048":["https:\/\/www.mormaii.com.br\/site\/wp-content\/uploads\/2017\/06\/639315a59b049315e174.jpg",1600,959,false],"qi_addons_for_elementor_image_size_square":["https:\/\/www.mormaii.com.br\/site\/wp-content\/uploads\/2017\/06\/639315a59b049315e174.jpg",650,390,false],"qi_addons_for_elementor_image_size_landscape":["https:\/\/www.mormaii.com.br\/site\/wp-content\/uploads\/2017\/06\/639315a59b049315e174.jpg",1084,650,false],"qi_addons_for_elementor_image_size_portrait":["https:\/\/www.mormaii.com.br\/site\/wp-content\/uploads\/2017\/06\/639315a59b049315e174.jpg",650,390,false],"qi_addons_for_elementor_image_size_huge-square":["https:\/\/www.mormaii.com.br\/site\/wp-content\/uploads\/2017\/06\/639315a59b049315e174.jpg",1300,779,false]},"uagb_author_info":{"display_name":"mormaii_importer","author_link":"https:\/\/www.mormaii.com.br\/site\/author\/mormaii_importer\/"},"uagb_comment_info":0,"uagb_excerpt":"A 9\u00aa Volta Ecol\u00f3gica Ilha dos Marinheiros foi, mais uma vez, vencida pelo rio-grandino Marcos Nunes de Souza. Aos 31 anos, ele subiu na manh\u00e3 do \u00faltimo domingo, pela quarta vez, ao lugar mais alto do p\u00f3dio ao cruzar a linha de chegada com o tempo de 1:29:15, marca que supera as duas \u00faltimas edi\u00e7\u00f5es.&hellip;","_links":{"self":[{"href":"https:\/\/www.mormaii.com.br\/site\/wp-json\/wp\/v2\/posts\/836"}],"collection":[{"href":"https:\/\/www.mormaii.com.br\/site\/wp-json\/wp\/v2\/posts"}],"about":[{"href":"https:\/\/www.mormaii.com.br\/site\/wp-json\/wp\/v2\/types\/post"}],"author":[{"embeddable":true,"href":"https:\/\/www.mormaii.com.br\/site\/wp-json\/wp\/v2\/users\/3"}],"replies":[{"embeddable":true,"href":"https:\/\/www.mormaii.com.br\/site\/wp-json\/wp\/v2\/comments?post=836"}],"version-history":[{"count":1,"href":"https:\/\/www.mormaii.com.br\/site\/wp-json\/wp\/v2\/posts\/836\/revisions"}],"predecessor-version":[{"id":3059,"href":"https:\/\/www.mormaii.com.br\/site\/wp-json\/wp\/v2\/posts\/836\/revisions\/3059"}],"wp:featuredmedia":[{"embeddable":true,"href":"https:\/\/www.mormaii.com.br\/site\/wp-json\/wp\/v2\/media\/837"}],"wp:attachment":[{"href":"https:\/\/www.mormaii.com.br\/site\/wp-json\/wp\/v2\/media?parent=836"}],"wp:term":[{"taxonomy":"category","embeddable":true,"href":"https:\/\/www.mormaii.com.br\/site\/wp-json\/wp\/v2\/categories?post=836"},{"taxonomy":"post_tag","embeddable":true,"href":"https:\/\/www.mormaii.com.br\/site\/wp-json\/wp\/v2\/tags?post=836"}],"curies":[{"name":"wp","href":"https:\/\/api.w.org\/{rel}","templated":true}]}}