{"id":8392,"date":"2018-02-25T17:21:23","date_gmt":"2018-02-25T20:21:23","guid":{"rendered":"https:\/\/www.mormaii.com.br\/site\/?p=8392"},"modified":"2022-06-10T10:34:59","modified_gmt":"2022-06-10T13:34:59","slug":"fabricio-rocha-campeao-grom-search-buzios","status":"publish","type":"post","link":"https:\/\/www.mormaii.com.br\/site\/fabricio-rocha-campeao-grom-search-buzios\/","title":{"rendered":"Fabr\u00edcio Rocha \u00e9 Campe\u00e3o do Grom Search em B\u00fazios"},"content":{"rendered":"<div id=\"attachment_8393\" style=\"width: 690px\" class=\"wp-caption alignnone\"><img loading=\"lazy\" decoding=\"async\" aria-describedby=\"caption-attachment-8393\" class=\"wp-image-8393 size-full\" src=\"https:\/\/www.mormaii.com.br\/site\/wp-content\/uploads\/2018\/02\/fabricio-rocha-mormaii.png\" alt=\"Comemora\u00e7\u00e3o merecida | Foto: Divulga\u00e7\u00e3o\" width=\"680\" height=\"400\" srcset=\"https:\/\/www.mormaii.com.br\/site\/wp-content\/uploads\/2018\/02\/fabricio-rocha-mormaii.png 680w, https:\/\/www.mormaii.com.br\/site\/wp-content\/uploads\/2018\/02\/fabricio-rocha-mormaii-300x176.png 300w, https:\/\/www.mormaii.com.br\/site\/wp-content\/uploads\/2018\/02\/fabricio-rocha-mormaii-600x353.png 600w\" sizes=\"(max-width: 680px) 100vw, 680px\" \/><p id=\"caption-attachment-8393\" class=\"wp-caption-text\">Comemora\u00e7\u00e3o merecida | Foto: Divulga\u00e7\u00e3o<\/p><\/div>\n<h3>Fabr\u00edcio Rocha<\/h3>\n<p>A Praia de Gerib\u00e1, em B\u00fazios, no Rio de Janeiro, foi um dos principais cen\u00e1rios do surf brasileiro neste in\u00edcio de ano e teve Fabr\u00edcio Rocha como campe\u00e3o da Iniciantes.<\/p>\n<p>O famoso pico na regi\u00e3o dos Lagos recebeu a 2\u00aa e decisiva do Grom Search 2018, reunindo os melhores surfistas sub-16 do pa\u00eds.<\/p>\n<h3>Vit\u00f3ria potiguar<\/h3>\n<p>Confirmando a boa fase, Fabr\u00edcio Rocha, jovem atleta da equipe Mormaii, garantiu a vit\u00f3ria na categoria Iniciantes.<\/p>\n<p>O potiguar j\u00e1 havia vencido uma etapa em 2017, competindo \u201cem casa\u201d na praia de Maresias (SP), onde reside atualmente.<\/p>\n<p>Fabr\u00edcio \u00e9 atleta de destaque do Instituto Gabriel Medina e com a vit\u00f3ria fechou o circuito na segunda coloca\u00e7\u00e3o no ranking 2018.<\/p>\n<p>Fique ligado no site da Mormaii para mais novidades e conte\u00fados sobre a prova.<\/p>\n<div id=\"attachment_8396\" style=\"width: 1414px\" class=\"wp-caption alignnone\"><a href=\"https:\/\/www.mormaiishop.com.br\/wetsuits\/Masculino?PS=12&amp;map=c,specificationFilter_59&amp;O=OrderByReleaseDateDESC\"><img loading=\"lazy\" decoding=\"async\" aria-describedby=\"caption-attachment-8396\" class=\"wp-image-8396 size-full\" src=\"https:\/\/www.mormaii.com.br\/site\/wp-content\/uploads\/2019\/02\/mormaii-shop-wetsuits-neoprene-mormaii.jpg\" alt=\"Clique e conhe\u00e7a a linha de wetsuits Mormaii\" width=\"1404\" height=\"444\" srcset=\"https:\/\/www.mormaii.com.br\/site\/wp-content\/uploads\/2019\/02\/mormaii-shop-wetsuits-neoprene-mormaii.jpg 1404w, https:\/\/www.mormaii.com.br\/site\/wp-content\/uploads\/2019\/02\/mormaii-shop-wetsuits-neoprene-mormaii-300x95.jpg 300w, https:\/\/www.mormaii.com.br\/site\/wp-content\/uploads\/2019\/02\/mormaii-shop-wetsuits-neoprene-mormaii-768x243.jpg 768w, https:\/\/www.mormaii.com.br\/site\/wp-content\/uploads\/2019\/02\/mormaii-shop-wetsuits-neoprene-mormaii-1024x324.jpg 1024w, https:\/\/www.mormaii.com.br\/site\/wp-content\/uploads\/2019\/02\/mormaii-shop-wetsuits-neoprene-mormaii-600x190.jpg 600w\" sizes=\"(max-width: 1404px) 100vw, 1404px\" \/><\/a><p id=\"caption-attachment-8396\" class=\"wp-caption-text\">Clique e conhe\u00e7a a linha de wetsuits Mormaii<\/p><\/div>\n","protected":false},"excerpt":{"rendered":"<p>Fabr\u00edcio Rocha A Praia de Gerib\u00e1, em B\u00fazios, no Rio de Janeiro, foi um dos principais cen\u00e1rios do surf brasileiro neste in\u00edcio de ano e teve Fabr\u00edcio Rocha como campe\u00e3o da Iniciantes. O famoso pico na regi\u00e3o dos Lagos recebeu a 2\u00aa e decisiva do Grom Search 2018, reunindo os melhores surfistas sub-16 do pa\u00eds. [&hellip;]<\/p>\n","protected":false},"author":5,"featured_media":8393,"comment_status":"closed","ping_status":"closed","sticky":false,"template":"","format":"standard","meta":{"_uag_custom_page_level_css":"","_mi_skip_tracking":false,"footnotes":""},"categories":[40,914,7,345],"tags":[591,589,590,282,29,253],"class_list":["post-8392","post","type-post","status-publish","format-standard","has-post-thumbnail","hentry","category-esportes","category-mormaii","category-novidades","category-surf","tag-buzios","tag-fabricio-rocha","tag-grom-search","tag-home","tag-mormaii","tag-surf"],"acf":[],"uagb_featured_image_src":{"full":["https:\/\/www.mormaii.com.br\/site\/wp-content\/uploads\/2018\/02\/fabricio-rocha-mormaii.png",680,400,false],"thumbnail":["https:\/\/www.mormaii.com.br\/site\/wp-content\/uploads\/2018\/02\/fabricio-rocha-mormaii-150x150.png",150,150,true],"medium":["https:\/\/www.mormaii.com.br\/site\/wp-content\/uploads\/2018\/02\/fabricio-rocha-mormaii-300x176.png",300,176,true],"medium_large":["https:\/\/www.mormaii.com.br\/site\/wp-content\/uploads\/2018\/02\/fabricio-rocha-mormaii.png",680,400,false],"large":["https:\/\/www.mormaii.com.br\/site\/wp-content\/uploads\/2018\/02\/fabricio-rocha-mormaii.png",680,400,false],"1536x1536":["https:\/\/www.mormaii.com.br\/site\/wp-content\/uploads\/2018\/02\/fabricio-rocha-mormaii.png",680,400,false],"2048x2048":["https:\/\/www.mormaii.com.br\/site\/wp-content\/uploads\/2018\/02\/fabricio-rocha-mormaii.png",680,400,false],"qi_addons_for_elementor_image_size_square":["https:\/\/www.mormaii.com.br\/site\/wp-content\/uploads\/2018\/02\/fabricio-rocha-mormaii.png",650,382,false],"qi_addons_for_elementor_image_size_landscape":["https:\/\/www.mormaii.com.br\/site\/wp-content\/uploads\/2018\/02\/fabricio-rocha-mormaii.png",680,400,false],"qi_addons_for_elementor_image_size_portrait":["https:\/\/www.mormaii.com.br\/site\/wp-content\/uploads\/2018\/02\/fabricio-rocha-mormaii.png",650,382,false],"qi_addons_for_elementor_image_size_huge-square":["https:\/\/www.mormaii.com.br\/site\/wp-content\/uploads\/2018\/02\/fabricio-rocha-mormaii.png",680,400,false]},"uagb_author_info":{"display_name":"Tissot","author_link":"https:\/\/www.mormaii.com.br\/site\/author\/fabiano\/"},"uagb_comment_info":0,"uagb_excerpt":"Fabr\u00edcio Rocha A Praia de Gerib\u00e1, em B\u00fazios, no Rio de Janeiro, foi um dos principais cen\u00e1rios do surf brasileiro neste in\u00edcio de ano e teve Fabr\u00edcio Rocha como campe\u00e3o da Iniciantes. O famoso pico na regi\u00e3o dos Lagos recebeu a 2\u00aa e decisiva do Grom Search 2018, reunindo os melhores surfistas sub-16 do pa\u00eds.&hellip;","_links":{"self":[{"href":"https:\/\/www.mormaii.com.br\/site\/wp-json\/wp\/v2\/posts\/8392"}],"collection":[{"href":"https:\/\/www.mormaii.com.br\/site\/wp-json\/wp\/v2\/posts"}],"about":[{"href":"https:\/\/www.mormaii.com.br\/site\/wp-json\/wp\/v2\/types\/post"}],"author":[{"embeddable":true,"href":"https:\/\/www.mormaii.com.br\/site\/wp-json\/wp\/v2\/users\/5"}],"replies":[{"embeddable":true,"href":"https:\/\/www.mormaii.com.br\/site\/wp-json\/wp\/v2\/comments?post=8392"}],"version-history":[{"count":3,"href":"https:\/\/www.mormaii.com.br\/site\/wp-json\/wp\/v2\/posts\/8392\/revisions"}],"predecessor-version":[{"id":8397,"href":"https:\/\/www.mormaii.com.br\/site\/wp-json\/wp\/v2\/posts\/8392\/revisions\/8397"}],"wp:featuredmedia":[{"embeddable":true,"href":"https:\/\/www.mormaii.com.br\/site\/wp-json\/wp\/v2\/media\/8393"}],"wp:attachment":[{"href":"https:\/\/www.mormaii.com.br\/site\/wp-json\/wp\/v2\/media?parent=8392"}],"wp:term":[{"taxonomy":"category","embeddable":true,"href":"https:\/\/www.mormaii.com.br\/site\/wp-json\/wp\/v2\/categories?post=8392"},{"taxonomy":"post_tag","embeddable":true,"href":"https:\/\/www.mormaii.com.br\/site\/wp-json\/wp\/v2\/tags?post=8392"}],"curies":[{"name":"wp","href":"https:\/\/api.w.org\/{rel}","templated":true}]}}