{"id":846,"date":"2016-04-04T13:33:38","date_gmt":"2016-04-04T13:33:38","guid":{"rendered":"http:\/\/www.mormaii.com.br\/site\/?p=846"},"modified":"2022-06-10T10:51:10","modified_gmt":"2022-06-10T13:51:10","slug":"noticiasallan-do-carmo-eleito-o-melhor-do-mundo-em-2014","status":"publish","type":"post","link":"https:\/\/www.mormaii.com.br\/site\/noticiasallan-do-carmo-eleito-o-melhor-do-mundo-em-2014\/","title":{"rendered":"Allan do Carmo eleito o melhor do mundo em 2014"},"content":{"rendered":"<p><\/p>\n<p><a href=\"http:\/\/images.mormaii.com.br\/wp-content\/uploads\/Allan-Mormaii-natacao.jpg\" style=\"margin: 0px; padding: 0px; border: 0px; vertical-align: baseline; color: rgb(148, 147, 145); font-family: AvenirMedium; line-height: 12px; background-image: none !important; background-color: rgb(255, 255, 255);\"><img loading=\"lazy\" decoding=\"async\" data-fr-image-pasted=\"true\" class=\"size-full wp-image-53302 fr-fin\" title=\"Orgulho para o esporte brasileiro | Foto: Divulga\u00e7\u00e3o Mormaii\" src=\"http:\/\/images.mormaii.com.br\/wp-content\/uploads\/Allan-Mormaii-natacao.jpg\" alt=\"Orgulho para o esporte brasileiro | Foto: Divulga\u00e7\u00e3o Mormaii\" width=\"600\" height=\"400\"><\/a><\/p>\n<p class=\"wp-caption-text\">Orgulho para o esporte brasileiro | Foto: Divulga\u00e7\u00e3o&nbsp;<\/p>\n<div>\n<p>Ontem, dia 01 de dezembro, a FINA (Federa\u00e7\u00e3o Internacional de Nata\u00e7\u00e3o) premiou o nadador&nbsp;<a href=\"http:\/\/www.mormaii.com.br\/author\/alandocarmo\/\" target=\"_blank\" rel=\"noopener\">Allan do Carmo<\/a>&nbsp;como o Melhor Atleta do Mundo de Maratonas Aqu\u00e1ticas 2014.A Noite das Estrelas \u00e9 uma tradicional cerim\u00f4nia que acontece todos os anos e, dessa vez, foi sediada em Doha, no Qatar.O reconhecimento foi a cereja do bolo para o baiano que venceu absolutamente tudo que disputou em 2014!Campe\u00e3o mundial, campe\u00e3o sul-americano e campe\u00e3o brasileiro de maratonas aqu\u00e1ticas.Allan n\u00e3o pode comparecer a cerim\u00f4nia, pois tinha um compromisso muito importante no Brasil: treinar!Isso mesmo, o atleta segue focado nos seus treinamentos, de olho nas Olimp\u00edadas do Rio 2016! Duvida?<\/p>\n<\/div>\n","protected":false},"excerpt":{"rendered":"<p>Orgulho para o esporte brasileiro | Foto: Divulga\u00e7\u00e3o&nbsp; Ontem, dia 01 de dezembro, a FINA (Federa\u00e7\u00e3o Internacional de Nata\u00e7\u00e3o) premiou o nadador&nbsp;Allan do Carmo&nbsp;como o Melhor Atleta do Mundo de Maratonas Aqu\u00e1ticas 2014.A Noite das Estrelas \u00e9 uma tradicional cerim\u00f4nia que acontece todos os anos e, dessa vez, foi sediada em Doha, no Qatar.O reconhecimento [&hellip;]<\/p>\n","protected":false},"author":3,"featured_media":847,"comment_status":"open","ping_status":"open","sticky":false,"template":"","format":"standard","meta":{"_uag_custom_page_level_css":"","_mi_skip_tracking":false,"footnotes":""},"categories":[914,7],"tags":[],"class_list":["post-846","post","type-post","status-publish","format-standard","has-post-thumbnail","hentry","category-mormaii","category-novidades"],"acf":[],"uagb_featured_image_src":{"full":["https:\/\/www.mormaii.com.br\/site\/wp-content\/uploads\/2017\/06\/97c9fd4894f2861a9fc4.jpg",1600,959,false],"thumbnail":["https:\/\/www.mormaii.com.br\/site\/wp-content\/uploads\/2017\/06\/97c9fd4894f2861a9fc4-150x150.jpg",150,150,true],"medium":["https:\/\/www.mormaii.com.br\/site\/wp-content\/uploads\/2017\/06\/97c9fd4894f2861a9fc4-300x180.jpg",300,180,true],"medium_large":["https:\/\/www.mormaii.com.br\/site\/wp-content\/uploads\/2017\/06\/97c9fd4894f2861a9fc4-768x460.jpg",768,460,true],"large":["https:\/\/www.mormaii.com.br\/site\/wp-content\/uploads\/2017\/06\/97c9fd4894f2861a9fc4-1024x614.jpg",1024,614,true],"1536x1536":["https:\/\/www.mormaii.com.br\/site\/wp-content\/uploads\/2017\/06\/97c9fd4894f2861a9fc4.jpg",1536,921,false],"2048x2048":["https:\/\/www.mormaii.com.br\/site\/wp-content\/uploads\/2017\/06\/97c9fd4894f2861a9fc4.jpg",1600,959,false],"qi_addons_for_elementor_image_size_square":["https:\/\/www.mormaii.com.br\/site\/wp-content\/uploads\/2017\/06\/97c9fd4894f2861a9fc4.jpg",650,390,false],"qi_addons_for_elementor_image_size_landscape":["https:\/\/www.mormaii.com.br\/site\/wp-content\/uploads\/2017\/06\/97c9fd4894f2861a9fc4.jpg",1084,650,false],"qi_addons_for_elementor_image_size_portrait":["https:\/\/www.mormaii.com.br\/site\/wp-content\/uploads\/2017\/06\/97c9fd4894f2861a9fc4.jpg",650,390,false],"qi_addons_for_elementor_image_size_huge-square":["https:\/\/www.mormaii.com.br\/site\/wp-content\/uploads\/2017\/06\/97c9fd4894f2861a9fc4.jpg",1300,779,false]},"uagb_author_info":{"display_name":"mormaii_importer","author_link":"https:\/\/www.mormaii.com.br\/site\/author\/mormaii_importer\/"},"uagb_comment_info":0,"uagb_excerpt":"Orgulho para o esporte brasileiro | Foto: Divulga\u00e7\u00e3o&nbsp; Ontem, dia 01 de dezembro, a FINA (Federa\u00e7\u00e3o Internacional de Nata\u00e7\u00e3o) premiou o nadador&nbsp;Allan do Carmo&nbsp;como o Melhor Atleta do Mundo de Maratonas Aqu\u00e1ticas 2014.A Noite das Estrelas \u00e9 uma tradicional cerim\u00f4nia que acontece todos os anos e, dessa vez, foi sediada em Doha, no Qatar.O reconhecimento&hellip;","_links":{"self":[{"href":"https:\/\/www.mormaii.com.br\/site\/wp-json\/wp\/v2\/posts\/846"}],"collection":[{"href":"https:\/\/www.mormaii.com.br\/site\/wp-json\/wp\/v2\/posts"}],"about":[{"href":"https:\/\/www.mormaii.com.br\/site\/wp-json\/wp\/v2\/types\/post"}],"author":[{"embeddable":true,"href":"https:\/\/www.mormaii.com.br\/site\/wp-json\/wp\/v2\/users\/3"}],"replies":[{"embeddable":true,"href":"https:\/\/www.mormaii.com.br\/site\/wp-json\/wp\/v2\/comments?post=846"}],"version-history":[{"count":1,"href":"https:\/\/www.mormaii.com.br\/site\/wp-json\/wp\/v2\/posts\/846\/revisions"}],"predecessor-version":[{"id":58290,"href":"https:\/\/www.mormaii.com.br\/site\/wp-json\/wp\/v2\/posts\/846\/revisions\/58290"}],"wp:featuredmedia":[{"embeddable":true,"href":"https:\/\/www.mormaii.com.br\/site\/wp-json\/wp\/v2\/media\/847"}],"wp:attachment":[{"href":"https:\/\/www.mormaii.com.br\/site\/wp-json\/wp\/v2\/media?parent=846"}],"wp:term":[{"taxonomy":"category","embeddable":true,"href":"https:\/\/www.mormaii.com.br\/site\/wp-json\/wp\/v2\/categories?post=846"},{"taxonomy":"post_tag","embeddable":true,"href":"https:\/\/www.mormaii.com.br\/site\/wp-json\/wp\/v2\/tags?post=846"}],"curies":[{"name":"wp","href":"https:\/\/api.w.org\/{rel}","templated":true}]}}