{"id":8638,"date":"2018-03-18T08:07:52","date_gmt":"2018-03-18T11:07:52","guid":{"rendered":"https:\/\/www.mormaii.com.br\/site\/?p=8638"},"modified":"2022-06-10T10:04:27","modified_gmt":"2022-06-10T13:04:27","slug":"rodrigo-leal-maizena-e-o-novo-pro-da-mormaii-skate","status":"publish","type":"post","link":"https:\/\/www.mormaii.com.br\/site\/rodrigo-leal-maizena-e-o-novo-pro-da-mormaii-skate\/","title":{"rendered":"Rodrigo Leal Maizena \u00e9 o novo Pro da Mormaii Skate"},"content":{"rendered":"<h3><img loading=\"lazy\" decoding=\"async\" class=\"alignnone size-full wp-image-8640\" src=\"https:\/\/www.mormaii.com.br\/site\/wp-content\/uploads\/2019\/03\/skate-mar\u00e7o-2018-Marcos-e-Maizena-foto-carloscarpinelli_art-2018-fev-07032018_-68_preview.jpg\" alt=\"rodrigo leal maizena\" width=\"4000\" height=\"2667\" srcset=\"https:\/\/www.mormaii.com.br\/site\/wp-content\/uploads\/2019\/03\/skate-mar\u00e7o-2018-Marcos-e-Maizena-foto-carloscarpinelli_art-2018-fev-07032018_-68_preview.jpg 4000w, https:\/\/www.mormaii.com.br\/site\/wp-content\/uploads\/2019\/03\/skate-mar\u00e7o-2018-Marcos-e-Maizena-foto-carloscarpinelli_art-2018-fev-07032018_-68_preview-300x200.jpg 300w, https:\/\/www.mormaii.com.br\/site\/wp-content\/uploads\/2019\/03\/skate-mar\u00e7o-2018-Marcos-e-Maizena-foto-carloscarpinelli_art-2018-fev-07032018_-68_preview-768x512.jpg 768w, https:\/\/www.mormaii.com.br\/site\/wp-content\/uploads\/2019\/03\/skate-mar\u00e7o-2018-Marcos-e-Maizena-foto-carloscarpinelli_art-2018-fev-07032018_-68_preview-1024x683.jpg 1024w, https:\/\/www.mormaii.com.br\/site\/wp-content\/uploads\/2019\/03\/skate-mar\u00e7o-2018-Marcos-e-Maizena-foto-carloscarpinelli_art-2018-fev-07032018_-68_preview-1170x780.jpg 1170w, https:\/\/www.mormaii.com.br\/site\/wp-content\/uploads\/2019\/03\/skate-mar\u00e7o-2018-Marcos-e-Maizena-foto-carloscarpinelli_art-2018-fev-07032018_-68_preview-600x400.jpg 600w\" sizes=\"(max-width: 4000px) 100vw, 4000px\" \/>Rodrigo Leal Maizena<\/h3>\n<p>A Mormaii apresenta Rodrigo Leal Maizena como o novo integrante da equipe Pro Skate.<\/p>\n<p>Um dos grandes nomes da cen\u00e1rio brasileiro, foi escolhido como skatista do ano em 2013, al\u00e9m de colecionar capas e entrevistas nos principais ve\u00edculos de comunica\u00e7\u00e3o do Brasil.<\/p>\n<p>Agora Maizena, como \u00e9 conhecido, se junta a Marcos Gabriel, Tuco Arruda e Gustavo Picaski na equipe de skate da Mormaii.<\/p>\n<p><img loading=\"lazy\" decoding=\"async\" class=\"alignnone size-full wp-image-8641\" src=\"https:\/\/www.mormaii.com.br\/site\/wp-content\/uploads\/2019\/03\/skate-mar\u00e7o-2018-Marcos-e-Maizena-foto-carloscarpinelli_art-2018-fev-07032018_-31_preview.jpg\" alt=\"rodrigo leal maizena\" width=\"4000\" height=\"2667\" srcset=\"https:\/\/www.mormaii.com.br\/site\/wp-content\/uploads\/2019\/03\/skate-mar\u00e7o-2018-Marcos-e-Maizena-foto-carloscarpinelli_art-2018-fev-07032018_-31_preview.jpg 4000w, https:\/\/www.mormaii.com.br\/site\/wp-content\/uploads\/2019\/03\/skate-mar\u00e7o-2018-Marcos-e-Maizena-foto-carloscarpinelli_art-2018-fev-07032018_-31_preview-300x200.jpg 300w, https:\/\/www.mormaii.com.br\/site\/wp-content\/uploads\/2019\/03\/skate-mar\u00e7o-2018-Marcos-e-Maizena-foto-carloscarpinelli_art-2018-fev-07032018_-31_preview-768x512.jpg 768w, https:\/\/www.mormaii.com.br\/site\/wp-content\/uploads\/2019\/03\/skate-mar\u00e7o-2018-Marcos-e-Maizena-foto-carloscarpinelli_art-2018-fev-07032018_-31_preview-1024x683.jpg 1024w, https:\/\/www.mormaii.com.br\/site\/wp-content\/uploads\/2019\/03\/skate-mar\u00e7o-2018-Marcos-e-Maizena-foto-carloscarpinelli_art-2018-fev-07032018_-31_preview-1170x780.jpg 1170w, https:\/\/www.mormaii.com.br\/site\/wp-content\/uploads\/2019\/03\/skate-mar\u00e7o-2018-Marcos-e-Maizena-foto-carloscarpinelli_art-2018-fev-07032018_-31_preview-600x400.jpg 600w\" sizes=\"(max-width: 4000px) 100vw, 4000px\" \/><\/p>\n<h3>De olho no futuro<\/h3>\n<p>O novo Pro da Mormaii acredita que aos 34 anos de idade a carreira de um skatista come\u00e7a a ficar mais desafiadora.<\/p>\n<p>Ele acredita na proposta da marca e afirma ter desejo de trabalhar e crescer dentro de uma empresa bem alicer\u00e7ada \u201ce ter um reconhecimento pela hist\u00f3ria que eu criei dentro do skate\u201d, diz Maizena.<\/p>\n<p>\u201cCreio que iremos colher muitos frutos desta parceria e espero que dure por muitos anos, j\u00e1 que a marca n\u00e3o tem um hist\u00f3rico de demitir atletas, pois acredita que sempre teremos um valor \u00fatil para eles\u201d, completa ressaltando a import\u00e2ncia que a Mormaii d\u00e1 a sua equipe.<\/p>\n<p>A Marca Mormaii \u00e9 uma empresa originalmente brasileira que em 2019 completa 40 anos no mercado.<\/p>\n<p>Criada no universo do Surf, vem investindo no skate h\u00e1 muitos anos, com equipe e patroc\u00ednios de eventos.<\/p>\n<h3>Equipe de peso<\/h3>\n<p>Entre os skatistas mais antigos est\u00e1 Marcos Gabriel, com 15 anos de Mormaii.<\/p>\n<p>Em 2018 a marca anuncia uma nova fase, com uma proposta de investimento em skatistas profissionais, amadores e em produtos exclusivos para as skateboard.<\/p>\n<p><iframe loading=\"lazy\" src=\"https:\/\/www.youtube.com\/embed\/HWTXkJXiyrQ\" width=\"700\" height=\"400\" frameborder=\"0\" allowfullscreen=\"allowfullscreen\"><\/iframe><\/p>\n<h3>Fica ligado<\/h3>\n<p>Acompanhe a Mormaii e seus skatistas pelas redes sociais e fique por dentro de todas as novidades que est\u00e3o por vir.<\/p>\n<p>Mormaii &#8211; @mormaiiskate @mormaiioficial<\/p>\n<p>Rodrigo Leal Maizena &#8211; @rodrigoleal<\/p>\n<div id=\"attachment_8644\" style=\"width: 730px\" class=\"wp-caption alignnone\"><a href=\"https:\/\/www.mormaiishop.com.br\/equipamentos\/PARA%20SKATE?PS=12&amp;map=c,specificationFilter_192\"><img loading=\"lazy\" decoding=\"async\" aria-describedby=\"caption-attachment-8644\" class=\"size-full wp-image-8644\" src=\"https:\/\/www.mormaii.com.br\/site\/wp-content\/uploads\/2018\/03\/rodrigo-leal-maizena.jpg\" alt=\"rodrigo leal maizena\" width=\"720\" height=\"300\" srcset=\"https:\/\/www.mormaii.com.br\/site\/wp-content\/uploads\/2018\/03\/rodrigo-leal-maizena.jpg 720w, https:\/\/www.mormaii.com.br\/site\/wp-content\/uploads\/2018\/03\/rodrigo-leal-maizena-300x125.jpg 300w, https:\/\/www.mormaii.com.br\/site\/wp-content\/uploads\/2018\/03\/rodrigo-leal-maizena-240x100.jpg 240w, https:\/\/www.mormaii.com.br\/site\/wp-content\/uploads\/2018\/03\/rodrigo-leal-maizena-600x250.jpg 600w\" sizes=\"(max-width: 720px) 100vw, 720px\" \/><\/a><p id=\"caption-attachment-8644\" class=\"wp-caption-text\">Clique e confira a linha Mormaii Skate<\/p><\/div>\n<p>&nbsp;<\/p>\n","protected":false},"excerpt":{"rendered":"<p>Rodrigo Leal Maizena A Mormaii apresenta Rodrigo Leal Maizena como o novo integrante da equipe Pro Skate. Um dos grandes nomes da cen\u00e1rio brasileiro, foi escolhido como skatista do ano em 2013, al\u00e9m de colecionar capas e entrevistas nos principais ve\u00edculos de comunica\u00e7\u00e3o do Brasil. Agora Maizena, como \u00e9 conhecido, se junta a Marcos Gabriel, [&hellip;]<\/p>\n","protected":false},"author":5,"featured_media":8640,"comment_status":"closed","ping_status":"closed","sticky":false,"template":"","format":"standard","meta":{"_uag_custom_page_level_css":"","_mi_skip_tracking":false,"footnotes":""},"categories":[40,914,7],"tags":[282,611,360,612,254],"class_list":["post-8638","post","type-post","status-publish","format-standard","has-post-thumbnail","hentry","category-esportes","category-mormaii","category-novidades","tag-home","tag-maizena","tag-mormaii-skate","tag-rodrigo-leal","tag-skate"],"acf":[],"uagb_featured_image_src":{"full":["https:\/\/www.mormaii.com.br\/site\/wp-content\/uploads\/2019\/03\/skate-mar\u00e7o-2018-Marcos-e-Maizena-foto-carloscarpinelli_art-2018-fev-07032018_-68_preview.jpg",4000,2667,false],"thumbnail":["https:\/\/www.mormaii.com.br\/site\/wp-content\/uploads\/2019\/03\/skate-mar\u00e7o-2018-Marcos-e-Maizena-foto-carloscarpinelli_art-2018-fev-07032018_-68_preview-150x150.jpg",150,150,true],"medium":["https:\/\/www.mormaii.com.br\/site\/wp-content\/uploads\/2019\/03\/skate-mar\u00e7o-2018-Marcos-e-Maizena-foto-carloscarpinelli_art-2018-fev-07032018_-68_preview-300x200.jpg",300,200,true],"medium_large":["https:\/\/www.mormaii.com.br\/site\/wp-content\/uploads\/2019\/03\/skate-mar\u00e7o-2018-Marcos-e-Maizena-foto-carloscarpinelli_art-2018-fev-07032018_-68_preview-768x512.jpg",768,512,true],"large":["https:\/\/www.mormaii.com.br\/site\/wp-content\/uploads\/2019\/03\/skate-mar\u00e7o-2018-Marcos-e-Maizena-foto-carloscarpinelli_art-2018-fev-07032018_-68_preview-1024x683.jpg",1024,683,true],"1536x1536":["https:\/\/www.mormaii.com.br\/site\/wp-content\/uploads\/2019\/03\/skate-mar\u00e7o-2018-Marcos-e-Maizena-foto-carloscarpinelli_art-2018-fev-07032018_-68_preview.jpg",1536,1024,false],"2048x2048":["https:\/\/www.mormaii.com.br\/site\/wp-content\/uploads\/2019\/03\/skate-mar\u00e7o-2018-Marcos-e-Maizena-foto-carloscarpinelli_art-2018-fev-07032018_-68_preview.jpg",2048,1366,false],"qi_addons_for_elementor_image_size_square":["https:\/\/www.mormaii.com.br\/site\/wp-content\/uploads\/2019\/03\/skate-mar\u00e7o-2018-Marcos-e-Maizena-foto-carloscarpinelli_art-2018-fev-07032018_-68_preview.jpg",650,433,false],"qi_addons_for_elementor_image_size_landscape":["https:\/\/www.mormaii.com.br\/site\/wp-content\/uploads\/2019\/03\/skate-mar\u00e7o-2018-Marcos-e-Maizena-foto-carloscarpinelli_art-2018-fev-07032018_-68_preview.jpg",975,650,false],"qi_addons_for_elementor_image_size_portrait":["https:\/\/www.mormaii.com.br\/site\/wp-content\/uploads\/2019\/03\/skate-mar\u00e7o-2018-Marcos-e-Maizena-foto-carloscarpinelli_art-2018-fev-07032018_-68_preview.jpg",650,433,false],"qi_addons_for_elementor_image_size_huge-square":["https:\/\/www.mormaii.com.br\/site\/wp-content\/uploads\/2019\/03\/skate-mar\u00e7o-2018-Marcos-e-Maizena-foto-carloscarpinelli_art-2018-fev-07032018_-68_preview.jpg",1300,867,false]},"uagb_author_info":{"display_name":"Tissot","author_link":"https:\/\/www.mormaii.com.br\/site\/author\/fabiano\/"},"uagb_comment_info":0,"uagb_excerpt":"Rodrigo Leal Maizena A Mormaii apresenta Rodrigo Leal Maizena como o novo integrante da equipe Pro Skate. Um dos grandes nomes da cen\u00e1rio brasileiro, foi escolhido como skatista do ano em 2013, al\u00e9m de colecionar capas e entrevistas nos principais ve\u00edculos de comunica\u00e7\u00e3o do Brasil. Agora Maizena, como \u00e9 conhecido, se junta a Marcos Gabriel,&hellip;","_links":{"self":[{"href":"https:\/\/www.mormaii.com.br\/site\/wp-json\/wp\/v2\/posts\/8638"}],"collection":[{"href":"https:\/\/www.mormaii.com.br\/site\/wp-json\/wp\/v2\/posts"}],"about":[{"href":"https:\/\/www.mormaii.com.br\/site\/wp-json\/wp\/v2\/types\/post"}],"author":[{"embeddable":true,"href":"https:\/\/www.mormaii.com.br\/site\/wp-json\/wp\/v2\/users\/5"}],"replies":[{"embeddable":true,"href":"https:\/\/www.mormaii.com.br\/site\/wp-json\/wp\/v2\/comments?post=8638"}],"version-history":[{"count":4,"href":"https:\/\/www.mormaii.com.br\/site\/wp-json\/wp\/v2\/posts\/8638\/revisions"}],"predecessor-version":[{"id":8645,"href":"https:\/\/www.mormaii.com.br\/site\/wp-json\/wp\/v2\/posts\/8638\/revisions\/8645"}],"wp:featuredmedia":[{"embeddable":true,"href":"https:\/\/www.mormaii.com.br\/site\/wp-json\/wp\/v2\/media\/8640"}],"wp:attachment":[{"href":"https:\/\/www.mormaii.com.br\/site\/wp-json\/wp\/v2\/media?parent=8638"}],"wp:term":[{"taxonomy":"category","embeddable":true,"href":"https:\/\/www.mormaii.com.br\/site\/wp-json\/wp\/v2\/categories?post=8638"},{"taxonomy":"post_tag","embeddable":true,"href":"https:\/\/www.mormaii.com.br\/site\/wp-json\/wp\/v2\/tags?post=8638"}],"curies":[{"name":"wp","href":"https:\/\/api.w.org\/{rel}","templated":true}]}}