{"id":872,"date":"2016-04-04T13:33:38","date_gmt":"2016-04-04T13:33:38","guid":{"rendered":"http:\/\/www.mormaii.com.br\/site\/?p=872"},"modified":"2022-06-10T10:26:48","modified_gmt":"2022-06-10T13:26:48","slug":"noticiasmarco-polo-na-mira-de-james-thisted","status":"publish","type":"post","link":"https:\/\/www.mormaii.com.br\/site\/noticiasmarco-polo-na-mira-de-james-thisted\/","title":{"rendered":"Marco Polo na mira de James Thisted"},"content":{"rendered":"<p>Com um nome que faz refer\u00eancia a um grande navegador da hist\u00f3ria da civiliza\u00e7\u00e3o,&nbsp;<a href=\"http:\/\/www.mormaii.com.br\/author\/marcopolo_\/\" target=\"_blank\" style=\"background-color: rgb(255, 255, 255);\" rel=\"noopener\">Marco Polo<\/a>&nbsp;tamb\u00e9m \u00e9 um viajante dos sete mares.<\/p>\n<p>Por\u00e9m, sua busca n\u00e3o \u00e9 por sedas e especiarias, mas por ondas perfeitas.<\/p>\n<p>Poucas pessoas sabem que Polo nasceu no M\u00e9xico e veio para o Brasil aos dois anos de idade.<\/p>\n<p>Criado nas ondas de Santa Catarina, o ex-top do WCT agora segue um destino inusitado, viajando para lugares extremos do planeta.<\/p>\n<p>Na galeria acima, Polo \u00e9 enquadrado pelas lentes de James Thisted em ondas perfeitas ao redor de Florian\u00f3polis.<\/p>\n<p>O desbravador dos oceanos encontrou seu porto seguro na Ilha da Magia.<\/p>\n<div id=\"attachment_53160\" class=\"wp-caption aligncenter\"><a href=\"http:\/\/images.mormaii.com.br\/wp-content\/uploads\/polo-mormaii-10.jpg\" style=\"margin: 0px; padding: 0px; border: 0px; vertical-align: baseline; color: rgb(148, 147, 145); background-image: none !important;\"><img loading=\"lazy\" decoding=\"async\" data-fr-image-pasted=\"true\" src=\"http:\/\/images.mormaii.com.br\/wp-content\/uploads\/polo-mormaii-10.jpg\" alt=\"Melhor lugar do mundo | Fotos: James Thisted\" title=\"Melhor lugar do mundo | Fotos: James Thisted\" width=\"600\" height=\"400\" class=\"size-full wp-image-53160 fr-fin\"><\/a><\/p>\n<p class=\"wp-caption-text\">Melhor lugar do mundo | Fotos: James Thisted<\/p>\n<\/div>\n","protected":false},"excerpt":{"rendered":"<p>Com um nome que faz refer\u00eancia a um grande navegador da hist\u00f3ria da civiliza\u00e7\u00e3o,&nbsp;Marco Polo&nbsp;tamb\u00e9m \u00e9 um viajante dos sete mares. Por\u00e9m, sua busca n\u00e3o \u00e9 por sedas e especiarias, mas por ondas perfeitas. Poucas pessoas sabem que Polo nasceu no M\u00e9xico e veio para o Brasil aos dois anos de idade. Criado nas ondas [&hellip;]<\/p>\n","protected":false},"author":3,"featured_media":873,"comment_status":"open","ping_status":"open","sticky":false,"template":"","format":"standard","meta":{"_uag_custom_page_level_css":"","_mi_skip_tracking":false,"footnotes":""},"categories":[914,7],"tags":[],"class_list":["post-872","post","type-post","status-publish","format-standard","has-post-thumbnail","hentry","category-mormaii","category-novidades"],"acf":[],"uagb_featured_image_src":{"full":["https:\/\/www.mormaii.com.br\/site\/wp-content\/uploads\/2017\/06\/7ea38b9c73b84d30082e.jpg",1600,959,false],"thumbnail":["https:\/\/www.mormaii.com.br\/site\/wp-content\/uploads\/2017\/06\/7ea38b9c73b84d30082e-150x150.jpg",150,150,true],"medium":["https:\/\/www.mormaii.com.br\/site\/wp-content\/uploads\/2017\/06\/7ea38b9c73b84d30082e-300x180.jpg",300,180,true],"medium_large":["https:\/\/www.mormaii.com.br\/site\/wp-content\/uploads\/2017\/06\/7ea38b9c73b84d30082e-768x460.jpg",768,460,true],"large":["https:\/\/www.mormaii.com.br\/site\/wp-content\/uploads\/2017\/06\/7ea38b9c73b84d30082e-1024x614.jpg",1024,614,true],"1536x1536":["https:\/\/www.mormaii.com.br\/site\/wp-content\/uploads\/2017\/06\/7ea38b9c73b84d30082e.jpg",1536,921,false],"2048x2048":["https:\/\/www.mormaii.com.br\/site\/wp-content\/uploads\/2017\/06\/7ea38b9c73b84d30082e.jpg",1600,959,false],"qi_addons_for_elementor_image_size_square":["https:\/\/www.mormaii.com.br\/site\/wp-content\/uploads\/2017\/06\/7ea38b9c73b84d30082e.jpg",650,390,false],"qi_addons_for_elementor_image_size_landscape":["https:\/\/www.mormaii.com.br\/site\/wp-content\/uploads\/2017\/06\/7ea38b9c73b84d30082e.jpg",1084,650,false],"qi_addons_for_elementor_image_size_portrait":["https:\/\/www.mormaii.com.br\/site\/wp-content\/uploads\/2017\/06\/7ea38b9c73b84d30082e.jpg",650,390,false],"qi_addons_for_elementor_image_size_huge-square":["https:\/\/www.mormaii.com.br\/site\/wp-content\/uploads\/2017\/06\/7ea38b9c73b84d30082e.jpg",1300,779,false]},"uagb_author_info":{"display_name":"mormaii_importer","author_link":"https:\/\/www.mormaii.com.br\/site\/author\/mormaii_importer\/"},"uagb_comment_info":0,"uagb_excerpt":"Com um nome que faz refer\u00eancia a um grande navegador da hist\u00f3ria da civiliza\u00e7\u00e3o,&nbsp;Marco Polo&nbsp;tamb\u00e9m \u00e9 um viajante dos sete mares. Por\u00e9m, sua busca n\u00e3o \u00e9 por sedas e especiarias, mas por ondas perfeitas. Poucas pessoas sabem que Polo nasceu no M\u00e9xico e veio para o Brasil aos dois anos de idade. Criado nas ondas&hellip;","_links":{"self":[{"href":"https:\/\/www.mormaii.com.br\/site\/wp-json\/wp\/v2\/posts\/872"}],"collection":[{"href":"https:\/\/www.mormaii.com.br\/site\/wp-json\/wp\/v2\/posts"}],"about":[{"href":"https:\/\/www.mormaii.com.br\/site\/wp-json\/wp\/v2\/types\/post"}],"author":[{"embeddable":true,"href":"https:\/\/www.mormaii.com.br\/site\/wp-json\/wp\/v2\/users\/3"}],"replies":[{"embeddable":true,"href":"https:\/\/www.mormaii.com.br\/site\/wp-json\/wp\/v2\/comments?post=872"}],"version-history":[{"count":1,"href":"https:\/\/www.mormaii.com.br\/site\/wp-json\/wp\/v2\/posts\/872\/revisions"}],"predecessor-version":[{"id":57285,"href":"https:\/\/www.mormaii.com.br\/site\/wp-json\/wp\/v2\/posts\/872\/revisions\/57285"}],"wp:featuredmedia":[{"embeddable":true,"href":"https:\/\/www.mormaii.com.br\/site\/wp-json\/wp\/v2\/media\/873"}],"wp:attachment":[{"href":"https:\/\/www.mormaii.com.br\/site\/wp-json\/wp\/v2\/media?parent=872"}],"wp:term":[{"taxonomy":"category","embeddable":true,"href":"https:\/\/www.mormaii.com.br\/site\/wp-json\/wp\/v2\/categories?post=872"},{"taxonomy":"post_tag","embeddable":true,"href":"https:\/\/www.mormaii.com.br\/site\/wp-json\/wp\/v2\/tags?post=872"}],"curies":[{"name":"wp","href":"https:\/\/api.w.org\/{rel}","templated":true}]}}