{"id":878,"date":"2016-04-04T13:33:38","date_gmt":"2016-04-04T13:33:38","guid":{"rendered":"http:\/\/www.mormaii.com.br\/site\/?p=878"},"modified":"2022-06-10T10:44:29","modified_gmt":"2022-06-10T13:44:29","slug":"noticiasblog-moda-or-dupla-de-verao","status":"publish","type":"post","link":"https:\/\/www.mormaii.com.br\/site\/noticiasblog-moda-or-dupla-de-verao\/","title":{"rendered":"Blog moda | Dupla de Ver\u00e3o"},"content":{"rendered":"<p>Quantas vezes j\u00e1 falamos que o jeans \u00e9 uma das pe\u00e7as mais democr\u00e1ticas que existe no seu guarda-roupa? Agora, para os dias quentes da esta\u00e7\u00e3o, as pe\u00e7as em jeans acompanham os biqu\u00ednis na sua mala de praia.<\/p>\n<p>As camisas jeans ganham destaque: prefira um tamanho maior que o seu e jogue-a sobre o biqu\u00edni para um visual descolado. Se voc\u00ea \u00e9 daquelas que adora marcar a cintura, a dica \u00e9 usar um cinto de corda para arrematar o look.<\/p>\n<p>J\u00e1 se a sua praia \u00e9 short ou saia, aposte nos modelos em jeans, supervers\u00e1teis e atemporais. Em v\u00e1rias lavagens, eles chegaram para dominar os dias de sol. As pe\u00e7as que v\u00e3o \u00e0 beira da praia tamb\u00e9m s\u00e3o usadas com regatas ou t-shirts ao fim do dia e blusas especiais para a balada.<\/p>\n<p>Pra quem a-m-a jeans e n\u00e3o abre m\u00e3o desta pe\u00e7a na mala de ver\u00e3o, vai a dica: tem muitos modelos legais em nossa cole\u00e7\u00e3o.<\/p>\n<p>Acesse&nbsp;<a href=\"http:\/\/www.mormaii.com.br\/\">mormaii.com.br<\/a>&nbsp;e siga-nos no instagram&nbsp;<a href=\"http:\/\/instagram.com\/mormaiioficial\">@mormaiioficial&nbsp;<\/a>para ficar por dentro do nosso mundo.<\/p>\n<p><em>Renata Moreira<br \/><\/em><\/p>\n<p><\/p>\n<div id=\"integra\">\n<p><em>Sou jornalista, e escrevo sobre moda e tend\u00eancias h\u00e1 cerca de sete anos. Tenho forma\u00e7\u00e3o em Fashion Business na LIM College de Nova Iorque e adoro moda. Mas se quiser me encontrar, v\u00e1 at\u00e9 a beira da praia, meu lugar preferido! Segue l\u00e1 no instagram @remoreiraa<\/em><\/p>\n<\/div>\n","protected":false},"excerpt":{"rendered":"<p>Quantas vezes j\u00e1 falamos que o jeans \u00e9 uma das pe\u00e7as mais democr\u00e1ticas que existe no seu guarda-roupa? Agora, para os dias quentes da esta\u00e7\u00e3o, as pe\u00e7as em jeans acompanham os biqu\u00ednis na sua mala de praia. As camisas jeans ganham destaque: prefira um tamanho maior que o seu e jogue-a sobre o biqu\u00edni para [&hellip;]<\/p>\n","protected":false},"author":3,"featured_media":879,"comment_status":"open","ping_status":"open","sticky":false,"template":"","format":"standard","meta":{"_uag_custom_page_level_css":"","_mi_skip_tracking":false,"footnotes":""},"categories":[914,7],"tags":[],"class_list":["post-878","post","type-post","status-publish","format-standard","has-post-thumbnail","hentry","category-mormaii","category-novidades"],"acf":[],"uagb_featured_image_src":{"full":["https:\/\/www.mormaii.com.br\/site\/wp-content\/uploads\/2017\/06\/ac79018259643b485e6e.jpg",1600,959,false],"thumbnail":["https:\/\/www.mormaii.com.br\/site\/wp-content\/uploads\/2017\/06\/ac79018259643b485e6e-150x150.jpg",150,150,true],"medium":["https:\/\/www.mormaii.com.br\/site\/wp-content\/uploads\/2017\/06\/ac79018259643b485e6e-300x180.jpg",300,180,true],"medium_large":["https:\/\/www.mormaii.com.br\/site\/wp-content\/uploads\/2017\/06\/ac79018259643b485e6e-768x460.jpg",768,460,true],"large":["https:\/\/www.mormaii.com.br\/site\/wp-content\/uploads\/2017\/06\/ac79018259643b485e6e-1024x614.jpg",1024,614,true],"1536x1536":["https:\/\/www.mormaii.com.br\/site\/wp-content\/uploads\/2017\/06\/ac79018259643b485e6e.jpg",1536,921,false],"2048x2048":["https:\/\/www.mormaii.com.br\/site\/wp-content\/uploads\/2017\/06\/ac79018259643b485e6e.jpg",1600,959,false],"qi_addons_for_elementor_image_size_square":["https:\/\/www.mormaii.com.br\/site\/wp-content\/uploads\/2017\/06\/ac79018259643b485e6e.jpg",650,390,false],"qi_addons_for_elementor_image_size_landscape":["https:\/\/www.mormaii.com.br\/site\/wp-content\/uploads\/2017\/06\/ac79018259643b485e6e.jpg",1084,650,false],"qi_addons_for_elementor_image_size_portrait":["https:\/\/www.mormaii.com.br\/site\/wp-content\/uploads\/2017\/06\/ac79018259643b485e6e.jpg",650,390,false],"qi_addons_for_elementor_image_size_huge-square":["https:\/\/www.mormaii.com.br\/site\/wp-content\/uploads\/2017\/06\/ac79018259643b485e6e.jpg",1300,779,false]},"uagb_author_info":{"display_name":"mormaii_importer","author_link":"https:\/\/www.mormaii.com.br\/site\/author\/mormaii_importer\/"},"uagb_comment_info":0,"uagb_excerpt":"Quantas vezes j\u00e1 falamos que o jeans \u00e9 uma das pe\u00e7as mais democr\u00e1ticas que existe no seu guarda-roupa? Agora, para os dias quentes da esta\u00e7\u00e3o, as pe\u00e7as em jeans acompanham os biqu\u00ednis na sua mala de praia. As camisas jeans ganham destaque: prefira um tamanho maior que o seu e jogue-a sobre o biqu\u00edni para&hellip;","_links":{"self":[{"href":"https:\/\/www.mormaii.com.br\/site\/wp-json\/wp\/v2\/posts\/878"}],"collection":[{"href":"https:\/\/www.mormaii.com.br\/site\/wp-json\/wp\/v2\/posts"}],"about":[{"href":"https:\/\/www.mormaii.com.br\/site\/wp-json\/wp\/v2\/types\/post"}],"author":[{"embeddable":true,"href":"https:\/\/www.mormaii.com.br\/site\/wp-json\/wp\/v2\/users\/3"}],"replies":[{"embeddable":true,"href":"https:\/\/www.mormaii.com.br\/site\/wp-json\/wp\/v2\/comments?post=878"}],"version-history":[{"count":1,"href":"https:\/\/www.mormaii.com.br\/site\/wp-json\/wp\/v2\/posts\/878\/revisions"}],"predecessor-version":[{"id":57938,"href":"https:\/\/www.mormaii.com.br\/site\/wp-json\/wp\/v2\/posts\/878\/revisions\/57938"}],"wp:featuredmedia":[{"embeddable":true,"href":"https:\/\/www.mormaii.com.br\/site\/wp-json\/wp\/v2\/media\/879"}],"wp:attachment":[{"href":"https:\/\/www.mormaii.com.br\/site\/wp-json\/wp\/v2\/media?parent=878"}],"wp:term":[{"taxonomy":"category","embeddable":true,"href":"https:\/\/www.mormaii.com.br\/site\/wp-json\/wp\/v2\/categories?post=878"},{"taxonomy":"post_tag","embeddable":true,"href":"https:\/\/www.mormaii.com.br\/site\/wp-json\/wp\/v2\/tags?post=878"}],"curies":[{"name":"wp","href":"https:\/\/api.w.org\/{rel}","templated":true}]}}