{"id":886,"date":"2016-04-04T13:33:38","date_gmt":"2016-04-04T13:33:38","guid":{"rendered":"http:\/\/www.mormaii.com.br\/site\/?p=886"},"modified":"2022-06-10T10:26:03","modified_gmt":"2022-06-10T13:26:03","slug":"noticiasmateus-herdy-e-lucas-vicente-vencem-a-open-junior-mirim-e-iniciantes","status":"publish","type":"post","link":"https:\/\/www.mormaii.com.br\/site\/noticiasmateus-herdy-e-lucas-vicente-vencem-a-open-junior-mirim-e-iniciantes\/","title":{"rendered":"Mateus Herdy e Lucas Vicente vencem a Open, J\u00fanior, Mirim e Iniciantes"},"content":{"rendered":"<p><\/p>\n<p>Altas ondas, show de surf e uma sequ\u00eancia inesquec\u00edvel de vit\u00f3rias.<\/p>\n<p>Esse \u00e9 o resumo da \u00faltima etapa do Circuito Catarinense de Surf Amador 2014 para&nbsp;<a href=\"http:\/\/www.mormaii.com.br\/author\/mateus_herdy\/\" target=\"_blank\" rel=\"noopener\">Mateus Herdy<\/a>&nbsp;e&nbsp;<a href=\"http:\/\/www.mormaii.com.br\/author\/lucas-vicente\/\" target=\"_blank\" rel=\"noopener\">Lucas Vicente<\/a>.<\/p>\n<p>O evento foi realizado Praia Brava, em Itaja\u00ed, durante o final de semana, e definiu os campe\u00f5es catarinenses da temporada.<\/p>\n<p>A dupla de peso da nova gera\u00e7\u00e3o do surf brasileiro arrebentou e conquistou vit\u00f3rias inesquec\u00edveis, que ficar\u00e3o marcadas para sempre em suas carreiras.<\/p>\n<p>Mateus Herdy, com apenas 13 anos, est\u00e1 surfando como gente grande, literalmente!<\/p>\n<p>O catarinense sagrou-se campe\u00e3o na Open, competindo contra os adultos e, ainda por cima, levou o t\u00edtulo da etapa da Mirim, uma categoria acima da sua.<\/p>\n<p>Lucas Vicente tamb\u00e9m apresentou um n\u00edvel alt\u00edssimo de surf, venceu a J\u00fanior, duas categorias acima da sua, e a Iniciantes.<\/p>\n<p><a href=\"http:\/\/www.mormaii.com.br\/author\/taina-hinckel\/\" target=\"_blank\" rel=\"noopener\">Tain\u00e1 Hinckel<\/a>&nbsp;fez outra bela apresenta\u00e7\u00e3o e foi vice-campe\u00e3 no feminino (adulto).<\/p>\n<p>Para fechar,&nbsp;<a href=\"http:\/\/www.mormaii.com.br\/author\/walleyguimaraes\/\" target=\"_blank\" rel=\"noopener\">Walley Guimar\u00e3es<\/a>&nbsp;representou e subiu ao p\u00f3dio em 4\u00ba na Infantil.<\/p>\n<p>Parab\u00e9ns aos jovens atletas da equipe Mormaii por mais um ano repleto de vit\u00f3rias, evolu\u00e7\u00e3o e muito surf\u2026<\/p>\n<div id=\"attachment_53025\" class=\"wp-caption aligncenter\"><a href=\"http:\/\/images.mormaii.com.br\/wp-content\/uploads\/mateus-surf-mormaii-111.jpg\"><img loading=\"lazy\" decoding=\"async\" data-fr-image-pasted=\"true\" src=\"http:\/\/images.mormaii.com.br\/wp-content\/uploads\/mateus-surf-mormaii-111.jpg\" alt=\"Surf de gente grande | Fotos: James Thisted\" title=\"Surf de gente grande | Fotos: James Thisted\" width=\"600\" height=\"400\" class=\"size-full wp-image-53025 fr-fin\"><\/a><\/p>\n<p class=\"wp-caption-text\">&nbsp; &nbsp; &nbsp; &nbsp; &nbsp; &nbsp; &nbsp; &nbsp; &nbsp; &nbsp;Surf de gente grande | Fotos: James Thisted<\/p>\n<\/div>\n","protected":false},"excerpt":{"rendered":"<p>Altas ondas, show de surf e uma sequ\u00eancia inesquec\u00edvel de vit\u00f3rias. Esse \u00e9 o resumo da \u00faltima etapa do Circuito Catarinense de Surf Amador 2014 para&nbsp;Mateus Herdy&nbsp;e&nbsp;Lucas Vicente. O evento foi realizado Praia Brava, em Itaja\u00ed, durante o final de semana, e definiu os campe\u00f5es catarinenses da temporada. A dupla de peso da nova gera\u00e7\u00e3o [&hellip;]<\/p>\n","protected":false},"author":3,"featured_media":887,"comment_status":"open","ping_status":"open","sticky":false,"template":"","format":"standard","meta":{"_uag_custom_page_level_css":"","_mi_skip_tracking":false,"footnotes":""},"categories":[914,7],"tags":[],"class_list":["post-886","post","type-post","status-publish","format-standard","has-post-thumbnail","hentry","category-mormaii","category-novidades"],"acf":[],"uagb_featured_image_src":{"full":["https:\/\/www.mormaii.com.br\/site\/wp-content\/uploads\/2017\/06\/e9002cdacfec8a4c0bd3.jpg",1600,959,false],"thumbnail":["https:\/\/www.mormaii.com.br\/site\/wp-content\/uploads\/2017\/06\/e9002cdacfec8a4c0bd3-150x150.jpg",150,150,true],"medium":["https:\/\/www.mormaii.com.br\/site\/wp-content\/uploads\/2017\/06\/e9002cdacfec8a4c0bd3-300x180.jpg",300,180,true],"medium_large":["https:\/\/www.mormaii.com.br\/site\/wp-content\/uploads\/2017\/06\/e9002cdacfec8a4c0bd3-768x460.jpg",768,460,true],"large":["https:\/\/www.mormaii.com.br\/site\/wp-content\/uploads\/2017\/06\/e9002cdacfec8a4c0bd3-1024x614.jpg",1024,614,true],"1536x1536":["https:\/\/www.mormaii.com.br\/site\/wp-content\/uploads\/2017\/06\/e9002cdacfec8a4c0bd3.jpg",1536,921,false],"2048x2048":["https:\/\/www.mormaii.com.br\/site\/wp-content\/uploads\/2017\/06\/e9002cdacfec8a4c0bd3.jpg",1600,959,false],"qi_addons_for_elementor_image_size_square":["https:\/\/www.mormaii.com.br\/site\/wp-content\/uploads\/2017\/06\/e9002cdacfec8a4c0bd3.jpg",650,390,false],"qi_addons_for_elementor_image_size_landscape":["https:\/\/www.mormaii.com.br\/site\/wp-content\/uploads\/2017\/06\/e9002cdacfec8a4c0bd3.jpg",1084,650,false],"qi_addons_for_elementor_image_size_portrait":["https:\/\/www.mormaii.com.br\/site\/wp-content\/uploads\/2017\/06\/e9002cdacfec8a4c0bd3.jpg",650,390,false],"qi_addons_for_elementor_image_size_huge-square":["https:\/\/www.mormaii.com.br\/site\/wp-content\/uploads\/2017\/06\/e9002cdacfec8a4c0bd3.jpg",1300,779,false]},"uagb_author_info":{"display_name":"mormaii_importer","author_link":"https:\/\/www.mormaii.com.br\/site\/author\/mormaii_importer\/"},"uagb_comment_info":0,"uagb_excerpt":"Altas ondas, show de surf e uma sequ\u00eancia inesquec\u00edvel de vit\u00f3rias. Esse \u00e9 o resumo da \u00faltima etapa do Circuito Catarinense de Surf Amador 2014 para&nbsp;Mateus Herdy&nbsp;e&nbsp;Lucas Vicente. O evento foi realizado Praia Brava, em Itaja\u00ed, durante o final de semana, e definiu os campe\u00f5es catarinenses da temporada. A dupla de peso da nova gera\u00e7\u00e3o&hellip;","_links":{"self":[{"href":"https:\/\/www.mormaii.com.br\/site\/wp-json\/wp\/v2\/posts\/886"}],"collection":[{"href":"https:\/\/www.mormaii.com.br\/site\/wp-json\/wp\/v2\/posts"}],"about":[{"href":"https:\/\/www.mormaii.com.br\/site\/wp-json\/wp\/v2\/types\/post"}],"author":[{"embeddable":true,"href":"https:\/\/www.mormaii.com.br\/site\/wp-json\/wp\/v2\/users\/3"}],"replies":[{"embeddable":true,"href":"https:\/\/www.mormaii.com.br\/site\/wp-json\/wp\/v2\/comments?post=886"}],"version-history":[{"count":1,"href":"https:\/\/www.mormaii.com.br\/site\/wp-json\/wp\/v2\/posts\/886\/revisions"}],"predecessor-version":[{"id":57256,"href":"https:\/\/www.mormaii.com.br\/site\/wp-json\/wp\/v2\/posts\/886\/revisions\/57256"}],"wp:featuredmedia":[{"embeddable":true,"href":"https:\/\/www.mormaii.com.br\/site\/wp-json\/wp\/v2\/media\/887"}],"wp:attachment":[{"href":"https:\/\/www.mormaii.com.br\/site\/wp-json\/wp\/v2\/media?parent=886"}],"wp:term":[{"taxonomy":"category","embeddable":true,"href":"https:\/\/www.mormaii.com.br\/site\/wp-json\/wp\/v2\/categories?post=886"},{"taxonomy":"post_tag","embeddable":true,"href":"https:\/\/www.mormaii.com.br\/site\/wp-json\/wp\/v2\/tags?post=886"}],"curies":[{"name":"wp","href":"https:\/\/api.w.org\/{rel}","templated":true}]}}