{"id":898,"date":"2016-04-04T13:33:38","date_gmt":"2016-04-04T16:33:38","guid":{"rendered":"http:\/\/www.mormaii.com.br\/site\/?p=898"},"modified":"2022-06-09T17:33:38","modified_gmt":"2022-06-09T20:33:38","slug":"noticiastaina-e-mateus-concorrem-ao-trofeu-guga-kuerten","status":"publish","type":"post","link":"https:\/\/www.mormaii.com.br\/site\/noticiastaina-e-mateus-concorrem-ao-trofeu-guga-kuerten\/","title":{"rendered":"Tain\u00e1 e Mateus concorrem ao trof\u00e9u Guga Kuerten"},"content":{"rendered":"<p><\/p>\n<div id=\"attachment_52948\" class=\"wp-caption aligncenter\"><a href=\"http:\/\/images.mormaii.com.br\/wp-content\/uploads\/mateus-surf-mormaii-81.jpg\"><img loading=\"lazy\" decoding=\"async\" data-fr-image-pasted=\"true\" class=\"size-full wp-image-52948 fr-fin\" title=\"Atleta revela\u00e7\u00e3o | Foto: James Thisted\" src=\"http:\/\/images.mormaii.com.br\/wp-content\/uploads\/mateus-surf-mormaii-81.jpg\" alt=\"Atleta revela\u00e7\u00e3o | Foto: James Thisted\" width=\"600\" height=\"400\"><\/a><\/p>\n<p class=\"wp-caption-text\">&nbsp; &nbsp; &nbsp; &nbsp; &nbsp; &nbsp; &nbsp; &nbsp; &nbsp; &nbsp;Atleta revela\u00e7\u00e3o | Foto: James Thisted<\/p>\n<\/div>\n<p>Mateus Herdy e Tain\u00e1 Hinckel concorrem ao Trof\u00e9u Gustavo Kuerten de Excel\u00eancia no Esporte, criado com o objetivo de homenagear atletas, t\u00e9cnicos e equipes catarinenses que tiveram destaque especial ao longo do ano.<\/p>\n<p>O processo de indica\u00e7\u00e3o \u00e9 feito por entidades esportivas do estado.<\/p>\n<p>A vota\u00e7\u00e3o vai at\u00e9 o dia 28 de novembro e a cerim\u00f4nia de entrega ser\u00e1 no dia 09 de dezembro, \u00e0s 19 h no Teatro Pedro Ivo, em Florian\u00f3polis.<\/p>\n<p>Tain\u00e1 concorre na categoria melhor atleta e Mateus na categoria atleta revela\u00e7\u00e3o.<\/p>\n<p>Para votar \u00e9 muito f\u00e1cil, basta acessar o&nbsp;<a href=\"http:\/\/www.trofeuguga.sc.gov.br\/votacao.html\" target=\"_blank\" rel=\"noopener\">site do evento<\/a>.<\/p>\n<p>Colabore com a nova gera\u00e7\u00e3o do surf brasileiro e mande sua for\u00e7a para os jovens surfistas catarinenses!<\/p>\n<div id=\"attachment_52950\" class=\"wp-caption aligncenter\"><a href=\"http:\/\/images.mormaii.com.br\/wp-content\/uploads\/taina-mormaii2.jpg\"><img loading=\"lazy\" decoding=\"async\" data-fr-image-pasted=\"true\" class=\"size-full wp-image-52950 fr-fin\" title=\"Sorriso de vencedora | Foto: James Thisted\" src=\"http:\/\/images.mormaii.com.br\/wp-content\/uploads\/taina-mormaii2.jpg\" alt=\"Sorriso de vencedora | Foto: James Thisted\" width=\"600\" height=\"400\"><\/a><\/p>\n<p class=\"wp-caption-text\">&nbsp; &nbsp; &nbsp; &nbsp; &nbsp; &nbsp; &nbsp; &nbsp; &nbsp; &nbsp;Sorriso de vencedora | Foto: James Thisted<\/p>\n<\/div>\n","protected":false},"excerpt":{"rendered":"<p>&nbsp; &nbsp; &nbsp; &nbsp; &nbsp; &nbsp; &nbsp; &nbsp; &nbsp; &nbsp;Atleta revela\u00e7\u00e3o | Foto: James Thisted Mateus Herdy e Tain\u00e1 Hinckel concorrem ao Trof\u00e9u Gustavo Kuerten de Excel\u00eancia no Esporte, criado com o objetivo de homenagear atletas, t\u00e9cnicos e equipes catarinenses que tiveram destaque especial ao longo do ano. O processo de indica\u00e7\u00e3o \u00e9 feito por [&hellip;]<\/p>\n","protected":false},"author":3,"featured_media":899,"comment_status":"open","ping_status":"open","sticky":false,"template":"","format":"standard","meta":{"_uag_custom_page_level_css":"","_mi_skip_tracking":false,"footnotes":""},"categories":[345],"tags":[],"class_list":["post-898","post","type-post","status-publish","format-standard","has-post-thumbnail","hentry","category-surf"],"acf":[],"uagb_featured_image_src":{"full":["https:\/\/www.mormaii.com.br\/site\/wp-content\/uploads\/2017\/06\/efcf96557c04b3177abd.jpg",1600,959,false],"thumbnail":["https:\/\/www.mormaii.com.br\/site\/wp-content\/uploads\/2017\/06\/efcf96557c04b3177abd-150x150.jpg",150,150,true],"medium":["https:\/\/www.mormaii.com.br\/site\/wp-content\/uploads\/2017\/06\/efcf96557c04b3177abd-300x180.jpg",300,180,true],"medium_large":["https:\/\/www.mormaii.com.br\/site\/wp-content\/uploads\/2017\/06\/efcf96557c04b3177abd-768x460.jpg",768,460,true],"large":["https:\/\/www.mormaii.com.br\/site\/wp-content\/uploads\/2017\/06\/efcf96557c04b3177abd-1024x614.jpg",1024,614,true],"1536x1536":["https:\/\/www.mormaii.com.br\/site\/wp-content\/uploads\/2017\/06\/efcf96557c04b3177abd.jpg",1536,921,false],"2048x2048":["https:\/\/www.mormaii.com.br\/site\/wp-content\/uploads\/2017\/06\/efcf96557c04b3177abd.jpg",1600,959,false],"qi_addons_for_elementor_image_size_square":["https:\/\/www.mormaii.com.br\/site\/wp-content\/uploads\/2017\/06\/efcf96557c04b3177abd.jpg",650,390,false],"qi_addons_for_elementor_image_size_landscape":["https:\/\/www.mormaii.com.br\/site\/wp-content\/uploads\/2017\/06\/efcf96557c04b3177abd.jpg",1084,650,false],"qi_addons_for_elementor_image_size_portrait":["https:\/\/www.mormaii.com.br\/site\/wp-content\/uploads\/2017\/06\/efcf96557c04b3177abd.jpg",650,390,false],"qi_addons_for_elementor_image_size_huge-square":["https:\/\/www.mormaii.com.br\/site\/wp-content\/uploads\/2017\/06\/efcf96557c04b3177abd.jpg",1300,779,false]},"uagb_author_info":{"display_name":"mormaii_importer","author_link":"https:\/\/www.mormaii.com.br\/site\/author\/mormaii_importer\/"},"uagb_comment_info":0,"uagb_excerpt":"&nbsp; &nbsp; &nbsp; &nbsp; &nbsp; &nbsp; &nbsp; &nbsp; &nbsp; &nbsp;Atleta revela\u00e7\u00e3o | Foto: James Thisted Mateus Herdy e Tain\u00e1 Hinckel concorrem ao Trof\u00e9u Gustavo Kuerten de Excel\u00eancia no Esporte, criado com o objetivo de homenagear atletas, t\u00e9cnicos e equipes catarinenses que tiveram destaque especial ao longo do ano. O processo de indica\u00e7\u00e3o \u00e9 feito por&hellip;","_links":{"self":[{"href":"https:\/\/www.mormaii.com.br\/site\/wp-json\/wp\/v2\/posts\/898"}],"collection":[{"href":"https:\/\/www.mormaii.com.br\/site\/wp-json\/wp\/v2\/posts"}],"about":[{"href":"https:\/\/www.mormaii.com.br\/site\/wp-json\/wp\/v2\/types\/post"}],"author":[{"embeddable":true,"href":"https:\/\/www.mormaii.com.br\/site\/wp-json\/wp\/v2\/users\/3"}],"replies":[{"embeddable":true,"href":"https:\/\/www.mormaii.com.br\/site\/wp-json\/wp\/v2\/comments?post=898"}],"version-history":[{"count":2,"href":"https:\/\/www.mormaii.com.br\/site\/wp-json\/wp\/v2\/posts\/898\/revisions"}],"predecessor-version":[{"id":57042,"href":"https:\/\/www.mormaii.com.br\/site\/wp-json\/wp\/v2\/posts\/898\/revisions\/57042"}],"wp:featuredmedia":[{"embeddable":true,"href":"https:\/\/www.mormaii.com.br\/site\/wp-json\/wp\/v2\/media\/899"}],"wp:attachment":[{"href":"https:\/\/www.mormaii.com.br\/site\/wp-json\/wp\/v2\/media?parent=898"}],"wp:term":[{"taxonomy":"category","embeddable":true,"href":"https:\/\/www.mormaii.com.br\/site\/wp-json\/wp\/v2\/categories?post=898"},{"taxonomy":"post_tag","embeddable":true,"href":"https:\/\/www.mormaii.com.br\/site\/wp-json\/wp\/v2\/tags?post=898"}],"curies":[{"name":"wp","href":"https:\/\/api.w.org\/{rel}","templated":true}]}}