{"id":904,"date":"2016-04-04T13:33:38","date_gmt":"2016-04-04T16:33:38","guid":{"rendered":"http:\/\/www.mormaii.com.br\/site\/?p=904"},"modified":"2022-06-10T10:51:30","modified_gmt":"2022-06-10T13:51:30","slug":"noticiasalcides-lopes-levanta-a-torcida-nas-ondas-de-casa","status":"publish","type":"post","link":"https:\/\/www.mormaii.com.br\/site\/noticiasalcides-lopes-levanta-a-torcida-nas-ondas-de-casa\/","title":{"rendered":"Alcides Lopes levanta a torcida nas ondas de casa"},"content":{"rendered":"<p><\/p>\n<div id=\"attachment_53610\" class=\"wp-caption aligncenter\"><a href=\"http:\/\/images.mormaii.com.br\/wp-content\/uploads\/alcides-mormaii-2.jpg\"><img loading=\"lazy\" decoding=\"async\" data-fr-image-pasted=\"true\" class=\"size-full wp-image-53610 fr-fin\" title=\"Apresenta\u00e7\u00e3o de gala | Foto: James Thisted\" src=\"http:\/\/images.mormaii.com.br\/wp-content\/uploads\/alcides-mormaii-2.jpg\" alt=\"Apresenta\u00e7\u00e3o de gala | Foto: James Thisted\" width=\"600\" height=\"400\"><\/a><\/p>\n<p class=\"wp-caption-text\">&nbsp; &nbsp; &nbsp; &nbsp; &nbsp; &nbsp; &nbsp; &nbsp; &nbsp; &nbsp;Apresenta\u00e7\u00e3o de gala | Foto: James Thisted<\/p>\n<\/div>\n<p>Encerrou nesta quarta-feira (10\/12) na Prainha, em S\u00e3o Francisco do Sul (SC), a pen\u00faltima etapa do Circuito Brasileiro de Surf Profissional da Abrasp, que distribuiu&nbsp;R$ 30.000,00 de premia\u00e7\u00e3o e 1.500 pontos no ranking.<\/p>\n<p>A prova contou com a participa\u00e7\u00e3o de 92 atletas de dez estados e tamb\u00e9m era v\u00e1lida como segunda etapa do Circuito Catarinense de Surf Profissional da Fecasurf.<\/p>\n<p><a href=\"http:\/\/www.mormaii.com.br\/author\/alcideslopes\/\" target=\"_blank\" rel=\"noopener\">Alcides Lopes Neto<\/a>, local da Prainha, bateu na trave e ficou com a segunda coloca\u00e7\u00e3o, por uma diferen\u00e7a de 0,3 pontos do 1\u00ba colocado.<\/p>\n<p>\u201cFoi muito bom poder competir em casa, foi um dia irado! Pude competir com grandes nomes do surf profissional brasileiro e acabei ficando em segundo lugar numa final alucinante! Obrigado Deus e todos que estavam na torcida\u201d, agradece o surfista.<\/p>\n<p>A Fecasurf, anunciou a possibilidade de mais uma etapa nos dias 20 e 21 de dezembro, na Praia Central de Balne\u00e1rio Cambori\u00fa, em parceria com a Prefeitura da cidade, v\u00e1lida pelo circuito estadual.<\/p>\n<p>Portanto, a decis\u00e3o do t\u00edtulo catarinense de surf profissional 2014 aguarda nova decis\u00e3o.<\/p>\n<p>Estamos na torcida, parab\u00e9ns Alcides pelo grande resultado.<\/p>\n<div id=\"attachment_53611\" class=\"wp-caption aligncenter\"><img loading=\"lazy\" decoding=\"async\" data-fr-image-pasted=\"true\" class=\"size-full wp-image-53611 fr-fin\" title=\"Decolando | Foto: James Thisted\" src=\"http:\/\/images.mormaii.com.br\/wp-content\/uploads\/alcides-mormaii.jpg\" alt=\"Decolando | Foto: James Thisted\" width=\"600\" height=\"400\"><\/p>\n<p class=\"wp-caption-text\">&nbsp; &nbsp; &nbsp; &nbsp; &nbsp; &nbsp; &nbsp; &nbsp; &nbsp; &nbsp;Decolando | Foto: James Thisted<\/p>\n<\/div>\n","protected":false},"excerpt":{"rendered":"<p>&nbsp; &nbsp; &nbsp; &nbsp; &nbsp; &nbsp; &nbsp; &nbsp; &nbsp; &nbsp;Apresenta\u00e7\u00e3o de gala | Foto: James Thisted Encerrou nesta quarta-feira (10\/12) na Prainha, em S\u00e3o Francisco do Sul (SC), a pen\u00faltima etapa do Circuito Brasileiro de Surf Profissional da Abrasp, que distribuiu&nbsp;R$ 30.000,00 de premia\u00e7\u00e3o e 1.500 pontos no ranking. A prova contou com a participa\u00e7\u00e3o [&hellip;]<\/p>\n","protected":false},"author":3,"featured_media":905,"comment_status":"open","ping_status":"open","sticky":false,"template":"","format":"standard","meta":{"_uag_custom_page_level_css":"","_mi_skip_tracking":false,"footnotes":""},"categories":[914,345],"tags":[],"class_list":["post-904","post","type-post","status-publish","format-standard","has-post-thumbnail","hentry","category-mormaii","category-surf"],"acf":[],"uagb_featured_image_src":{"full":["https:\/\/www.mormaii.com.br\/site\/wp-content\/uploads\/2017\/06\/7b7d561d4175771fa646.jpg",1600,959,false],"thumbnail":["https:\/\/www.mormaii.com.br\/site\/wp-content\/uploads\/2017\/06\/7b7d561d4175771fa646-150x150.jpg",150,150,true],"medium":["https:\/\/www.mormaii.com.br\/site\/wp-content\/uploads\/2017\/06\/7b7d561d4175771fa646-300x180.jpg",300,180,true],"medium_large":["https:\/\/www.mormaii.com.br\/site\/wp-content\/uploads\/2017\/06\/7b7d561d4175771fa646-768x460.jpg",768,460,true],"large":["https:\/\/www.mormaii.com.br\/site\/wp-content\/uploads\/2017\/06\/7b7d561d4175771fa646-1024x614.jpg",1024,614,true],"1536x1536":["https:\/\/www.mormaii.com.br\/site\/wp-content\/uploads\/2017\/06\/7b7d561d4175771fa646.jpg",1536,921,false],"2048x2048":["https:\/\/www.mormaii.com.br\/site\/wp-content\/uploads\/2017\/06\/7b7d561d4175771fa646.jpg",1600,959,false],"qi_addons_for_elementor_image_size_square":["https:\/\/www.mormaii.com.br\/site\/wp-content\/uploads\/2017\/06\/7b7d561d4175771fa646.jpg",650,390,false],"qi_addons_for_elementor_image_size_landscape":["https:\/\/www.mormaii.com.br\/site\/wp-content\/uploads\/2017\/06\/7b7d561d4175771fa646.jpg",1084,650,false],"qi_addons_for_elementor_image_size_portrait":["https:\/\/www.mormaii.com.br\/site\/wp-content\/uploads\/2017\/06\/7b7d561d4175771fa646.jpg",650,390,false],"qi_addons_for_elementor_image_size_huge-square":["https:\/\/www.mormaii.com.br\/site\/wp-content\/uploads\/2017\/06\/7b7d561d4175771fa646.jpg",1300,779,false]},"uagb_author_info":{"display_name":"mormaii_importer","author_link":"https:\/\/www.mormaii.com.br\/site\/author\/mormaii_importer\/"},"uagb_comment_info":0,"uagb_excerpt":"&nbsp; &nbsp; &nbsp; &nbsp; &nbsp; &nbsp; &nbsp; &nbsp; &nbsp; &nbsp;Apresenta\u00e7\u00e3o de gala | Foto: James Thisted Encerrou nesta quarta-feira (10\/12) na Prainha, em S\u00e3o Francisco do Sul (SC), a pen\u00faltima etapa do Circuito Brasileiro de Surf Profissional da Abrasp, que distribuiu&nbsp;R$ 30.000,00 de premia\u00e7\u00e3o e 1.500 pontos no ranking. A prova contou com a participa\u00e7\u00e3o&hellip;","_links":{"self":[{"href":"https:\/\/www.mormaii.com.br\/site\/wp-json\/wp\/v2\/posts\/904"}],"collection":[{"href":"https:\/\/www.mormaii.com.br\/site\/wp-json\/wp\/v2\/posts"}],"about":[{"href":"https:\/\/www.mormaii.com.br\/site\/wp-json\/wp\/v2\/types\/post"}],"author":[{"embeddable":true,"href":"https:\/\/www.mormaii.com.br\/site\/wp-json\/wp\/v2\/users\/3"}],"replies":[{"embeddable":true,"href":"https:\/\/www.mormaii.com.br\/site\/wp-json\/wp\/v2\/comments?post=904"}],"version-history":[{"count":1,"href":"https:\/\/www.mormaii.com.br\/site\/wp-json\/wp\/v2\/posts\/904\/revisions"}],"predecessor-version":[{"id":57044,"href":"https:\/\/www.mormaii.com.br\/site\/wp-json\/wp\/v2\/posts\/904\/revisions\/57044"}],"wp:featuredmedia":[{"embeddable":true,"href":"https:\/\/www.mormaii.com.br\/site\/wp-json\/wp\/v2\/media\/905"}],"wp:attachment":[{"href":"https:\/\/www.mormaii.com.br\/site\/wp-json\/wp\/v2\/media?parent=904"}],"wp:term":[{"taxonomy":"category","embeddable":true,"href":"https:\/\/www.mormaii.com.br\/site\/wp-json\/wp\/v2\/categories?post=904"},{"taxonomy":"post_tag","embeddable":true,"href":"https:\/\/www.mormaii.com.br\/site\/wp-json\/wp\/v2\/tags?post=904"}],"curies":[{"name":"wp","href":"https:\/\/api.w.org\/{rel}","templated":true}]}}