{"id":9052,"date":"2018-04-12T00:29:06","date_gmt":"2018-04-12T03:29:06","guid":{"rendered":"https:\/\/www.mormaii.com.br\/site\/?p=9052"},"modified":"2022-06-10T10:31:14","modified_gmt":"2022-06-10T13:31:14","slug":"surf-talentos","status":"publish","type":"post","link":"https:\/\/www.mormaii.com.br\/site\/surf-talentos\/","title":{"rendered":"Inscreva-se na segunda etapa do Circuito Surf Talentos"},"content":{"rendered":"<p><img loading=\"lazy\" decoding=\"async\" class=\"alignnone size-full wp-image-9060\" src=\"https:\/\/www.mormaii.com.br\/site\/wp-content\/uploads\/2019\/04\/Surf-talentos-mormaii-luara-mandelli.jpg\" alt=\"Surf talentos\" width=\"3198\" height=\"1999\" srcset=\"https:\/\/www.mormaii.com.br\/site\/wp-content\/uploads\/2019\/04\/Surf-talentos-mormaii-luara-mandelli.jpg 3198w, https:\/\/www.mormaii.com.br\/site\/wp-content\/uploads\/2019\/04\/Surf-talentos-mormaii-luara-mandelli-300x188.jpg 300w, https:\/\/www.mormaii.com.br\/site\/wp-content\/uploads\/2019\/04\/Surf-talentos-mormaii-luara-mandelli-768x480.jpg 768w, https:\/\/www.mormaii.com.br\/site\/wp-content\/uploads\/2019\/04\/Surf-talentos-mormaii-luara-mandelli-1024x640.jpg 1024w, https:\/\/www.mormaii.com.br\/site\/wp-content\/uploads\/2019\/04\/Surf-talentos-mormaii-luara-mandelli-370x230.jpg 370w, https:\/\/www.mormaii.com.br\/site\/wp-content\/uploads\/2019\/04\/Surf-talentos-mormaii-luara-mandelli-560x350.jpg 560w, https:\/\/www.mormaii.com.br\/site\/wp-content\/uploads\/2019\/04\/Surf-talentos-mormaii-luara-mandelli-600x375.jpg 600w\" sizes=\"(max-width: 3198px) 100vw, 3198px\" \/><\/p>\n<h3>Surf Talentos<\/h3>\n<p>Inscri\u00e7\u00f5es abertas para a segunda etapa do Surf Talentos, evento com patroc\u00ednio da Mormaii que acontece nos dias 21 e 22 de abril de 2018, na Praia da Guarda do Emba\u00fa, considerada a \u00fanica Reserva Mundial de Surf existente no Brasil.<\/p>\n<div>\n<p>A competi\u00e7\u00e3o estar\u00e1 dividida em oito categorias:<\/p>\n<ul>\n<li>Petiz (at\u00e9 10 anos)<\/li>\n<li>Infantil (sub-12)<\/li>\n<li>Iniciantes (sub-14)<\/li>\n<li>Mirim (sub-16)<\/li>\n<li>J\u00fanior (sub-18)<\/li>\n<li>Feminino Open<\/li>\n<\/ul>\n<h3>Inscri\u00e7\u00f5es<\/h3>\n<p>Est\u00e3o <a href=\"http:\/\/www.fecasurf.com.br\/segunda-surf-talentos-oceano-valida-5a-scqs-fecasurf\/\" target=\"_blank\" rel=\"noopener\">abertas as inscri\u00e7\u00f5es<\/a> da Segunda etapa do Surf Talentos 2018, v\u00e1lido pelo ranking QS Fecasurf.<\/p>\n<p>O n\u00famero de vagas \u00e9 limitado por categoria e a confirma\u00e7\u00e3o de presen\u00e7a \u00e9 feita apenas ap\u00f3s a comprova\u00e7\u00e3o da <a href=\"http:\/\/www.fecasurf.com.br\/segunda-surf-talentos-oceano-valida-5a-scqs-fecasurf\/\" target=\"_blank\" rel=\"noopener\">inscri\u00e7\u00e3o<\/a>.<\/p>\n<h3>O Circuito<\/h3>\n<p>O Surf Talentos conta com uma <a href=\"https:\/\/www.mormaii.com.br\/site\/surf-talentos-mormaii-1\/\" target=\"_blank\" rel=\"noopener\">arena muito bem estruturada<\/a> montada ao lado do palanque, com frutas, sucos, \u00e1gua e at\u00e9 massagens para os jovens atletas.<\/p>\n<p>Vale ressaltar a grande import\u00e2ncia deste circuito que incentiva os novos talentos do surf nacional e fomenta o esporte com uma premia\u00e7\u00e3o excelente.<\/p>\n<div id=\"attachment_8787\" style=\"width: 951px\" class=\"wp-caption alignnone\"><a href=\"https:\/\/www.mormaiishop.com.br\/wetsuits\/Feminino?PS=12&amp;map=c,specificationFilter_59&amp;O=OrderByReleaseDateDESC\" target=\"_blank\" rel=\"noopener\"><img loading=\"lazy\" decoding=\"async\" aria-describedby=\"caption-attachment-8787\" class=\"wp-image-8787 size-full\" src=\"https:\/\/www.mormaii.com.br\/site\/wp-content\/uploads\/2019\/03\/MORMAIISHOPdivapro_categoria940x300.png\" alt=\"\" width=\"941\" height=\"300\" srcset=\"https:\/\/www.mormaii.com.br\/site\/wp-content\/uploads\/2019\/03\/MORMAIISHOPdivapro_categoria940x300.png 941w, https:\/\/www.mormaii.com.br\/site\/wp-content\/uploads\/2019\/03\/MORMAIISHOPdivapro_categoria940x300-300x96.png 300w, https:\/\/www.mormaii.com.br\/site\/wp-content\/uploads\/2019\/03\/MORMAIISHOPdivapro_categoria940x300-768x245.png 768w, https:\/\/www.mormaii.com.br\/site\/wp-content\/uploads\/2019\/03\/MORMAIISHOPdivapro_categoria940x300-600x191.png 600w\" sizes=\"(max-width: 941px) 100vw, 941px\" \/><\/a><p id=\"caption-attachment-8787\" class=\"wp-caption-text\">Clique e confira a linha Feminina de wetsuits Mormaii<\/p><\/div>\n<\/div>\n","protected":false},"excerpt":{"rendered":"<p>Surf Talentos Inscri\u00e7\u00f5es abertas para a segunda etapa do Surf Talentos, evento com patroc\u00ednio da Mormaii que acontece nos dias 21 e 22 de abril de 2018, na Praia da Guarda do Emba\u00fa, considerada a \u00fanica Reserva Mundial de Surf existente no Brasil. A competi\u00e7\u00e3o estar\u00e1 dividida em oito categorias: Petiz (at\u00e9 10 anos) Infantil [&hellip;]<\/p>\n","protected":false},"author":5,"featured_media":9060,"comment_status":"closed","ping_status":"closed","sticky":false,"template":"","format":"standard","meta":{"_uag_custom_page_level_css":"","_mi_skip_tracking":false,"footnotes":""},"categories":[1,914],"tags":[317,282,29,253,561],"class_list":["post-9052","post","type-post","status-publish","format-standard","has-post-thumbnail","hentry","category-historia","category-mormaii","tag-guarda-do-embau","tag-home","tag-mormaii","tag-surf","tag-surf-talentos"],"acf":[],"uagb_featured_image_src":{"full":["https:\/\/www.mormaii.com.br\/site\/wp-content\/uploads\/2019\/04\/Surf-talentos-mormaii-luara-mandelli.jpg",3198,1999,false],"thumbnail":["https:\/\/www.mormaii.com.br\/site\/wp-content\/uploads\/2019\/04\/Surf-talentos-mormaii-luara-mandelli-150x150.jpg",150,150,true],"medium":["https:\/\/www.mormaii.com.br\/site\/wp-content\/uploads\/2019\/04\/Surf-talentos-mormaii-luara-mandelli-300x188.jpg",300,188,true],"medium_large":["https:\/\/www.mormaii.com.br\/site\/wp-content\/uploads\/2019\/04\/Surf-talentos-mormaii-luara-mandelli-768x480.jpg",768,480,true],"large":["https:\/\/www.mormaii.com.br\/site\/wp-content\/uploads\/2019\/04\/Surf-talentos-mormaii-luara-mandelli-1024x640.jpg",1024,640,true],"1536x1536":["https:\/\/www.mormaii.com.br\/site\/wp-content\/uploads\/2019\/04\/Surf-talentos-mormaii-luara-mandelli.jpg",1536,960,false],"2048x2048":["https:\/\/www.mormaii.com.br\/site\/wp-content\/uploads\/2019\/04\/Surf-talentos-mormaii-luara-mandelli.jpg",2048,1280,false],"qi_addons_for_elementor_image_size_square":["https:\/\/www.mormaii.com.br\/site\/wp-content\/uploads\/2019\/04\/Surf-talentos-mormaii-luara-mandelli.jpg",650,406,false],"qi_addons_for_elementor_image_size_landscape":["https:\/\/www.mormaii.com.br\/site\/wp-content\/uploads\/2019\/04\/Surf-talentos-mormaii-luara-mandelli.jpg",1040,650,false],"qi_addons_for_elementor_image_size_portrait":["https:\/\/www.mormaii.com.br\/site\/wp-content\/uploads\/2019\/04\/Surf-talentos-mormaii-luara-mandelli.jpg",650,406,false],"qi_addons_for_elementor_image_size_huge-square":["https:\/\/www.mormaii.com.br\/site\/wp-content\/uploads\/2019\/04\/Surf-talentos-mormaii-luara-mandelli.jpg",1300,813,false]},"uagb_author_info":{"display_name":"Tissot","author_link":"https:\/\/www.mormaii.com.br\/site\/author\/fabiano\/"},"uagb_comment_info":0,"uagb_excerpt":"Surf Talentos Inscri\u00e7\u00f5es abertas para a segunda etapa do Surf Talentos, evento com patroc\u00ednio da Mormaii que acontece nos dias 21 e 22 de abril de 2018, na Praia da Guarda do Emba\u00fa, considerada a \u00fanica Reserva Mundial de Surf existente no Brasil. A competi\u00e7\u00e3o estar\u00e1 dividida em oito categorias: Petiz (at\u00e9 10 anos) Infantil&hellip;","_links":{"self":[{"href":"https:\/\/www.mormaii.com.br\/site\/wp-json\/wp\/v2\/posts\/9052"}],"collection":[{"href":"https:\/\/www.mormaii.com.br\/site\/wp-json\/wp\/v2\/posts"}],"about":[{"href":"https:\/\/www.mormaii.com.br\/site\/wp-json\/wp\/v2\/types\/post"}],"author":[{"embeddable":true,"href":"https:\/\/www.mormaii.com.br\/site\/wp-json\/wp\/v2\/users\/5"}],"replies":[{"embeddable":true,"href":"https:\/\/www.mormaii.com.br\/site\/wp-json\/wp\/v2\/comments?post=9052"}],"version-history":[{"count":4,"href":"https:\/\/www.mormaii.com.br\/site\/wp-json\/wp\/v2\/posts\/9052\/revisions"}],"predecessor-version":[{"id":9062,"href":"https:\/\/www.mormaii.com.br\/site\/wp-json\/wp\/v2\/posts\/9052\/revisions\/9062"}],"wp:featuredmedia":[{"embeddable":true,"href":"https:\/\/www.mormaii.com.br\/site\/wp-json\/wp\/v2\/media\/9060"}],"wp:attachment":[{"href":"https:\/\/www.mormaii.com.br\/site\/wp-json\/wp\/v2\/media?parent=9052"}],"wp:term":[{"taxonomy":"category","embeddable":true,"href":"https:\/\/www.mormaii.com.br\/site\/wp-json\/wp\/v2\/categories?post=9052"},{"taxonomy":"post_tag","embeddable":true,"href":"https:\/\/www.mormaii.com.br\/site\/wp-json\/wp\/v2\/tags?post=9052"}],"curies":[{"name":"wp","href":"https:\/\/api.w.org\/{rel}","templated":true}]}}