{"id":9185,"date":"2018-04-24T09:28:48","date_gmt":"2018-04-24T12:28:48","guid":{"rendered":"https:\/\/www.mormaii.com.br\/site\/?p=9185"},"modified":"2022-06-10T10:38:48","modified_gmt":"2022-06-10T13:38:48","slug":"circuito-surf-talentos-guarda","status":"publish","type":"post","link":"https:\/\/www.mormaii.com.br\/site\/circuito-surf-talentos-guarda\/","title":{"rendered":"Circuito Surf Talentos rolou com altas ondas na Guarda"},"content":{"rendered":"<h3><img loading=\"lazy\" decoding=\"async\" class=\"alignnone size-full wp-image-9186\" src=\"https:\/\/www.mormaii.com.br\/site\/wp-content\/uploads\/2018\/04\/UrielSposaro_categoriaJunior-surf-talentos-motmaii.jpg\" alt=\"circuito surf talentos\" width=\"1400\" height=\"935\" srcset=\"https:\/\/www.mormaii.com.br\/site\/wp-content\/uploads\/2018\/04\/UrielSposaro_categoriaJunior-surf-talentos-motmaii.jpg 1400w, https:\/\/www.mormaii.com.br\/site\/wp-content\/uploads\/2018\/04\/UrielSposaro_categoriaJunior-surf-talentos-motmaii-300x200.jpg 300w, https:\/\/www.mormaii.com.br\/site\/wp-content\/uploads\/2018\/04\/UrielSposaro_categoriaJunior-surf-talentos-motmaii-768x513.jpg 768w, https:\/\/www.mormaii.com.br\/site\/wp-content\/uploads\/2018\/04\/UrielSposaro_categoriaJunior-surf-talentos-motmaii-1024x684.jpg 1024w, https:\/\/www.mormaii.com.br\/site\/wp-content\/uploads\/2018\/04\/UrielSposaro_categoriaJunior-surf-talentos-motmaii-1170x780.jpg 1170w, https:\/\/www.mormaii.com.br\/site\/wp-content\/uploads\/2018\/04\/UrielSposaro_categoriaJunior-surf-talentos-motmaii-600x401.jpg 600w\" sizes=\"(max-width: 1400px) 100vw, 1400px\" \/><\/h3>\n<h3>Circuito Surf Talentos<\/h3>\n<p>A Praia da Guarda do Emba\u00fa, Reserva Mundial de Surf, recebeu o Circuito Surf Talentos com altas ondas, dias 21 e 22 de abril.<\/p>\n<p>O evento \u00e9 valido pela quinta etapa do ranking SCQS 6 mil da Fecasurf.<\/p>\n<p>As primeiras baterias, entraram na \u00e1gua a partir das 8h no domingo, contando com as categorias feminino Open, Mirim e a principal do evento que \u00e9 a J\u00fanior.<\/p>\n<p>A competi\u00e7\u00e3o se estendeu at\u00e9 por volta das 14h30 com a entrega da premia\u00e7\u00e3o e uma galera compareceu para prestigiar os novos talentos do surf catarinense.<\/p>\n<p><img loading=\"lazy\" decoding=\"async\" class=\"alignnone size-full wp-image-9187\" src=\"https:\/\/www.mormaii.com.br\/site\/wp-content\/uploads\/2018\/04\/surf-talentos-motmaii-2.jpg\" alt=\"circuito surf talentos\" width=\"1400\" height=\"935\" srcset=\"https:\/\/www.mormaii.com.br\/site\/wp-content\/uploads\/2018\/04\/surf-talentos-motmaii-2.jpg 1400w, https:\/\/www.mormaii.com.br\/site\/wp-content\/uploads\/2018\/04\/surf-talentos-motmaii-2-300x200.jpg 300w, https:\/\/www.mormaii.com.br\/site\/wp-content\/uploads\/2018\/04\/surf-talentos-motmaii-2-768x513.jpg 768w, https:\/\/www.mormaii.com.br\/site\/wp-content\/uploads\/2018\/04\/surf-talentos-motmaii-2-1024x684.jpg 1024w, https:\/\/www.mormaii.com.br\/site\/wp-content\/uploads\/2018\/04\/surf-talentos-motmaii-2-1170x780.jpg 1170w, https:\/\/www.mormaii.com.br\/site\/wp-content\/uploads\/2018\/04\/surf-talentos-motmaii-2-600x401.jpg 600w\" sizes=\"(max-width: 1400px) 100vw, 1400px\" \/><\/p>\n<h3>Doming\u00e3o<\/h3>\n<p>O dia estava demais, calor, sol, vento terral nas ondas, p\u00fablico prestigiando a nova gera\u00e7\u00e3o, ondas quebrando em m\u00e9dia de meio metro.<\/p>\n<p>Os principais nomes do surf da nova gera\u00e7\u00e3o da atualidade n\u00e3o encontraram a tal &#8220;onda da virada\u201d, por isso algumas elimina\u00e7\u00f5es de peso ocorreram nas semifinais e as finais aconteceram sem favoritismo.<\/p>\n<p>Quem pegasse a onda boa da s\u00e9rie, levava uma vantagem, at\u00e9 porque, as s\u00e9ries estavam demoradas.<\/p>\n<p>O quadro de ju\u00edzes experientes da Fecasurf soltou nota para quem conseguisse uma onda abrindo.<\/p>\n<p><img loading=\"lazy\" decoding=\"async\" class=\"alignnone size-full wp-image-9188\" src=\"https:\/\/www.mormaii.com.br\/site\/wp-content\/uploads\/2018\/04\/surf-talentos-motmaii-1.jpg\" alt=\"circuito surf talentos\" width=\"1400\" height=\"935\" srcset=\"https:\/\/www.mormaii.com.br\/site\/wp-content\/uploads\/2018\/04\/surf-talentos-motmaii-1.jpg 1400w, https:\/\/www.mormaii.com.br\/site\/wp-content\/uploads\/2018\/04\/surf-talentos-motmaii-1-300x200.jpg 300w, https:\/\/www.mormaii.com.br\/site\/wp-content\/uploads\/2018\/04\/surf-talentos-motmaii-1-768x513.jpg 768w, https:\/\/www.mormaii.com.br\/site\/wp-content\/uploads\/2018\/04\/surf-talentos-motmaii-1-1024x684.jpg 1024w, https:\/\/www.mormaii.com.br\/site\/wp-content\/uploads\/2018\/04\/surf-talentos-motmaii-1-1170x780.jpg 1170w, https:\/\/www.mormaii.com.br\/site\/wp-content\/uploads\/2018\/04\/surf-talentos-motmaii-1-600x401.jpg 600w\" sizes=\"(max-width: 1400px) 100vw, 1400px\" \/><\/p>\n<p>&nbsp;<\/p>\n<h3>Mirim<\/h3>\n<p>O grande campe\u00e3o foi o surfista do Rio Grande do Norte Mateus Sena, que vem demonstrando um potencial nas competi\u00e7\u00f5es e \u00e9 uma promessa.<\/p>\n<h3>J\u00fanior<\/h3>\n<p>Mateus Sena, faz uma dobradinha, faturando mais um t\u00edtulo de campe\u00e3o, ressaltando que essa \u00e9 a principal categoria do evento.<\/p>\n<h3>Feminino<\/h3>\n<p>A grande campe\u00e3 foi a surfista do Paran\u00e1, Andressa Carvalho com Ana Luiza Rom\u00e3o sendo a vitoriosa na categoria feminino Mirim.<\/p>\n<p>Fique ligado no site da Mormaii para mais novidades e conte\u00fados sobre a prova.<\/p>\n<div id=\"attachment_8787\" style=\"width: 951px\" class=\"wp-caption alignnone\"><a href=\"https:\/\/www.mormaiishop.com.br\/wetsuits\/Feminino?PS=12&amp;map=c,specificationFilter_59&amp;O=OrderByReleaseDateDESC\" target=\"_blank\" rel=\"noopener\"><img loading=\"lazy\" decoding=\"async\" aria-describedby=\"caption-attachment-8787\" class=\"wp-image-8787 size-full\" src=\"https:\/\/www.mormaii.com.br\/site\/wp-content\/uploads\/2019\/03\/MORMAIISHOPdivapro_categoria940x300.png\" alt=\"\" width=\"941\" height=\"300\" srcset=\"https:\/\/www.mormaii.com.br\/site\/wp-content\/uploads\/2019\/03\/MORMAIISHOPdivapro_categoria940x300.png 941w, https:\/\/www.mormaii.com.br\/site\/wp-content\/uploads\/2019\/03\/MORMAIISHOPdivapro_categoria940x300-300x96.png 300w, https:\/\/www.mormaii.com.br\/site\/wp-content\/uploads\/2019\/03\/MORMAIISHOPdivapro_categoria940x300-768x245.png 768w, https:\/\/www.mormaii.com.br\/site\/wp-content\/uploads\/2019\/03\/MORMAIISHOPdivapro_categoria940x300-600x191.png 600w\" sizes=\"(max-width: 941px) 100vw, 941px\" \/><\/a><p id=\"caption-attachment-8787\" class=\"wp-caption-text\">Clique e confira a linha Feminina de wetsuits Mormaii<\/p><\/div>\n","protected":false},"excerpt":{"rendered":"<p>Circuito Surf Talentos A Praia da Guarda do Emba\u00fa, Reserva Mundial de Surf, recebeu o Circuito Surf Talentos com altas ondas, dias 21 e 22 de abril. O evento \u00e9 valido pela quinta etapa do ranking SCQS 6 mil da Fecasurf. As primeiras baterias, entraram na \u00e1gua a partir das 8h no domingo, contando com [&hellip;]<\/p>\n","protected":false},"author":5,"featured_media":9186,"comment_status":"closed","ping_status":"closed","sticky":false,"template":"","format":"standard","meta":{"_uag_custom_page_level_css":"","_mi_skip_tracking":false,"footnotes":""},"categories":[40,914,7,345],"tags":[658,282,29],"class_list":["post-9185","post","type-post","status-publish","format-standard","has-post-thumbnail","hentry","category-esportes","category-mormaii","category-novidades","category-surf","tag-circuito-surf-talentos","tag-home","tag-mormaii"],"acf":[],"uagb_featured_image_src":{"full":["https:\/\/www.mormaii.com.br\/site\/wp-content\/uploads\/2018\/04\/UrielSposaro_categoriaJunior-surf-talentos-motmaii.jpg",1400,935,false],"thumbnail":["https:\/\/www.mormaii.com.br\/site\/wp-content\/uploads\/2018\/04\/UrielSposaro_categoriaJunior-surf-talentos-motmaii-150x150.jpg",150,150,true],"medium":["https:\/\/www.mormaii.com.br\/site\/wp-content\/uploads\/2018\/04\/UrielSposaro_categoriaJunior-surf-talentos-motmaii-300x200.jpg",300,200,true],"medium_large":["https:\/\/www.mormaii.com.br\/site\/wp-content\/uploads\/2018\/04\/UrielSposaro_categoriaJunior-surf-talentos-motmaii-768x513.jpg",768,513,true],"large":["https:\/\/www.mormaii.com.br\/site\/wp-content\/uploads\/2018\/04\/UrielSposaro_categoriaJunior-surf-talentos-motmaii-1024x684.jpg",1024,684,true],"1536x1536":["https:\/\/www.mormaii.com.br\/site\/wp-content\/uploads\/2018\/04\/UrielSposaro_categoriaJunior-surf-talentos-motmaii.jpg",1400,935,false],"2048x2048":["https:\/\/www.mormaii.com.br\/site\/wp-content\/uploads\/2018\/04\/UrielSposaro_categoriaJunior-surf-talentos-motmaii.jpg",1400,935,false],"qi_addons_for_elementor_image_size_square":["https:\/\/www.mormaii.com.br\/site\/wp-content\/uploads\/2018\/04\/UrielSposaro_categoriaJunior-surf-talentos-motmaii.jpg",650,434,false],"qi_addons_for_elementor_image_size_landscape":["https:\/\/www.mormaii.com.br\/site\/wp-content\/uploads\/2018\/04\/UrielSposaro_categoriaJunior-surf-talentos-motmaii.jpg",973,650,false],"qi_addons_for_elementor_image_size_portrait":["https:\/\/www.mormaii.com.br\/site\/wp-content\/uploads\/2018\/04\/UrielSposaro_categoriaJunior-surf-talentos-motmaii.jpg",650,434,false],"qi_addons_for_elementor_image_size_huge-square":["https:\/\/www.mormaii.com.br\/site\/wp-content\/uploads\/2018\/04\/UrielSposaro_categoriaJunior-surf-talentos-motmaii.jpg",1300,868,false]},"uagb_author_info":{"display_name":"Tissot","author_link":"https:\/\/www.mormaii.com.br\/site\/author\/fabiano\/"},"uagb_comment_info":0,"uagb_excerpt":"Circuito Surf Talentos A Praia da Guarda do Emba\u00fa, Reserva Mundial de Surf, recebeu o Circuito Surf Talentos com altas ondas, dias 21 e 22 de abril. O evento \u00e9 valido pela quinta etapa do ranking SCQS 6 mil da Fecasurf. As primeiras baterias, entraram na \u00e1gua a partir das 8h no domingo, contando com&hellip;","_links":{"self":[{"href":"https:\/\/www.mormaii.com.br\/site\/wp-json\/wp\/v2\/posts\/9185"}],"collection":[{"href":"https:\/\/www.mormaii.com.br\/site\/wp-json\/wp\/v2\/posts"}],"about":[{"href":"https:\/\/www.mormaii.com.br\/site\/wp-json\/wp\/v2\/types\/post"}],"author":[{"embeddable":true,"href":"https:\/\/www.mormaii.com.br\/site\/wp-json\/wp\/v2\/users\/5"}],"replies":[{"embeddable":true,"href":"https:\/\/www.mormaii.com.br\/site\/wp-json\/wp\/v2\/comments?post=9185"}],"version-history":[{"count":2,"href":"https:\/\/www.mormaii.com.br\/site\/wp-json\/wp\/v2\/posts\/9185\/revisions"}],"predecessor-version":[{"id":9190,"href":"https:\/\/www.mormaii.com.br\/site\/wp-json\/wp\/v2\/posts\/9185\/revisions\/9190"}],"wp:featuredmedia":[{"embeddable":true,"href":"https:\/\/www.mormaii.com.br\/site\/wp-json\/wp\/v2\/media\/9186"}],"wp:attachment":[{"href":"https:\/\/www.mormaii.com.br\/site\/wp-json\/wp\/v2\/media?parent=9185"}],"wp:term":[{"taxonomy":"category","embeddable":true,"href":"https:\/\/www.mormaii.com.br\/site\/wp-json\/wp\/v2\/categories?post=9185"},{"taxonomy":"post_tag","embeddable":true,"href":"https:\/\/www.mormaii.com.br\/site\/wp-json\/wp\/v2\/tags?post=9185"}],"curies":[{"name":"wp","href":"https:\/\/api.w.org\/{rel}","templated":true}]}}