{"id":9246,"date":"2018-04-30T15:54:27","date_gmt":"2018-04-30T18:54:27","guid":{"rendered":"https:\/\/www.mormaii.com.br\/site\/?p=9246"},"modified":"2022-06-10T10:41:32","modified_gmt":"2022-06-10T13:41:32","slug":"mountain-do-praia-do-rosa-2","status":"publish","type":"post","link":"https:\/\/www.mormaii.com.br\/site\/mountain-do-praia-do-rosa-2\/","title":{"rendered":"Calor e supera\u00e7\u00e3o marcaram o Mountain Do Praia do Rosa"},"content":{"rendered":"<p><img loading=\"lazy\" decoding=\"async\" class=\"alignnone wp-image-9247 size-full\" title=\"Mountain do Praia do Rosa\" src=\"https:\/\/www.mormaii.com.br\/site\/wp-content\/uploads\/2018\/04\/ACC18MDR12177.jpg\" alt=\"Mountain do Praia do Rosa\" width=\"1200\" height=\"800\" srcset=\"https:\/\/www.mormaii.com.br\/site\/wp-content\/uploads\/2018\/04\/ACC18MDR12177.jpg 1200w, https:\/\/www.mormaii.com.br\/site\/wp-content\/uploads\/2018\/04\/ACC18MDR12177-300x200.jpg 300w, https:\/\/www.mormaii.com.br\/site\/wp-content\/uploads\/2018\/04\/ACC18MDR12177-768x512.jpg 768w, https:\/\/www.mormaii.com.br\/site\/wp-content\/uploads\/2018\/04\/ACC18MDR12177-1024x683.jpg 1024w, https:\/\/www.mormaii.com.br\/site\/wp-content\/uploads\/2018\/04\/ACC18MDR12177-1170x780.jpg 1170w, https:\/\/www.mormaii.com.br\/site\/wp-content\/uploads\/2018\/04\/ACC18MDR12177-600x400.jpg 600w\" sizes=\"(max-width: 1200px) 100vw, 1200px\" \/><\/p>\n<h3>Mountain Do Praia do Rosa<\/h3>\n<p><a href=\"https:\/\/www.mormaii.com.br\/site\/noticiasparticipe-da-mountain-do-praia-do-rosa\/\" target=\"_blank\" rel=\"noopener\">Neste final de semana aconteceu mais uma etapa<\/a> do Mountain Do Praia do Rosa, em Imbituba (SC).<\/p>\n<p>Os mais de 1.000 atletas de todo pa\u00eds superaram as dunas, bosques, trilhas e o calor de mais de 30 graus que assolou os competidores em pleno outono no sul do Brasil.<\/p>\n<p><img loading=\"lazy\" decoding=\"async\" class=\"alignnone size-full wp-image-9250\" src=\"https:\/\/www.mormaii.com.br\/site\/wp-content\/uploads\/2019\/04\/muntain-do-praia-do-rosa.jpg\" alt=\"mountain do praia do rosa\" width=\"700\" height=\"400\" srcset=\"https:\/\/www.mormaii.com.br\/site\/wp-content\/uploads\/2019\/04\/muntain-do-praia-do-rosa.jpg 700w, https:\/\/www.mormaii.com.br\/site\/wp-content\/uploads\/2019\/04\/muntain-do-praia-do-rosa-300x171.jpg 300w, https:\/\/www.mormaii.com.br\/site\/wp-content\/uploads\/2019\/04\/muntain-do-praia-do-rosa-600x343.jpg 600w\" sizes=\"(max-width: 700px) 100vw, 700px\" \/><\/p>\n<p>Na prova dos 22km, a campe\u00e3 foi novamente a paranaense Let\u00edcia Saltori.<\/p>\n<p>&#8220;E quando voc\u00ea escolhe uma prova incr\u00edvel em um dos lugares mais bonitos que pude conhecer para fazer aquelas \u00faltimas duas horas de treino. Claro que eu fiz for\u00e7a, mas me diverti e curti cada visual! E com as melhores companhias que eu poderia imaginar! Obrigada Ana Paula, minha fisioterapeuta por me deixar leve para correr!\u00a0Parab\u00e9ns Mountain Do pelo evento impec\u00e1vel, pensado em cada detalhe para proporcionar o melhor para n\u00f3s! Que satisfa\u00e7\u00e3o imensa poder conhecer mais de perto uma das marcas que sou f\u00e3, a Mormaii! Grata por tudo e por todos os momentos: acompanhar nossos alunos da Equipe Piazza e dar muita risada! Agora \u00e9 fechar os \u00faltimos detalhes para correr na Su\u00ed\u00e7a! Reta final, me sinto honrada por ser orientada pelo prof e aniversariante do m\u00eas Cl\u00e1udio Castilho, farei o melhor e sem medo! Vamos pra cima! Gratid\u00e3o gente bonita que torce por mim e que n\u00e3o cansa de dividir comigo seus sonhos&#8221;, declara a campe\u00e3.<\/p>\n<p><img loading=\"lazy\" decoding=\"async\" class=\"alignnone wp-image-9251 size-full\" title=\"mountain do praia do rosa\" src=\"https:\/\/www.mormaii.com.br\/site\/wp-content\/uploads\/2019\/04\/mountain-do-praia-do-rosa-2.jpg\" alt=\"mountain do praia do rosa\" width=\"1537\" height=\"834\" srcset=\"https:\/\/www.mormaii.com.br\/site\/wp-content\/uploads\/2019\/04\/mountain-do-praia-do-rosa-2.jpg 1537w, https:\/\/www.mormaii.com.br\/site\/wp-content\/uploads\/2019\/04\/mountain-do-praia-do-rosa-2-300x163.jpg 300w, https:\/\/www.mormaii.com.br\/site\/wp-content\/uploads\/2019\/04\/mountain-do-praia-do-rosa-2-768x417.jpg 768w, https:\/\/www.mormaii.com.br\/site\/wp-content\/uploads\/2019\/04\/mountain-do-praia-do-rosa-2-1024x556.jpg 1024w, https:\/\/www.mormaii.com.br\/site\/wp-content\/uploads\/2019\/04\/mountain-do-praia-do-rosa-2-600x326.jpg 600w\" sizes=\"(max-width: 1537px) 100vw, 1537px\" \/><\/p>\n<p>E no masculino, o campe\u00e3o foi Marcio Pasqualini, representando a cidade de Joinville.<\/p>\n<p>&#8220;Foram os 23 km mais duro que j\u00e1 corri na minha vida na praia do Rosa. Foi muito lindo e desafiador levando todos atletas ao seu limite f\u00edsico. Mas por fim venci a prova a dor e o cansa\u00e7o f\u00edsico. S\u00f3 tenho a agradecer a Deus e minha fam\u00edlia por esta vit\u00f3ria. Muito obrigado a todos&#8221;, agradece o campe\u00e3o.<\/p>\n<div id=\"attachment_9209\" style=\"width: 1920px\" class=\"wp-caption alignnone\"><a href=\"https:\/\/www.mormaiishop.com.br\/running\" target=\"_blank\" rel=\"noopener\"><img loading=\"lazy\" decoding=\"async\" aria-describedby=\"caption-attachment-9209\" class=\"wp-image-9209 size-full\" src=\"https:\/\/www.mormaii.com.br\/site\/wp-content\/uploads\/2018\/04\/mountain-do-rosa.jpg\" alt=\"\" width=\"1910\" height=\"573\" srcset=\"https:\/\/www.mormaii.com.br\/site\/wp-content\/uploads\/2018\/04\/mountain-do-rosa.jpg 1910w, https:\/\/www.mormaii.com.br\/site\/wp-content\/uploads\/2018\/04\/mountain-do-rosa-300x90.jpg 300w, https:\/\/www.mormaii.com.br\/site\/wp-content\/uploads\/2018\/04\/mountain-do-rosa-768x230.jpg 768w, https:\/\/www.mormaii.com.br\/site\/wp-content\/uploads\/2018\/04\/mountain-do-rosa-1024x307.jpg 1024w, https:\/\/www.mormaii.com.br\/site\/wp-content\/uploads\/2018\/04\/mountain-do-rosa-600x180.jpg 600w\" sizes=\"(max-width: 1910px) 100vw, 1910px\" \/><\/a><p id=\"caption-attachment-9209\" class=\"wp-caption-text\">Clique e confira a linha running Mormaii<\/p><\/div>\n","protected":false},"excerpt":{"rendered":"<p>Mountain Do Praia do Rosa Neste final de semana aconteceu mais uma etapa do Mountain Do Praia do Rosa, em Imbituba (SC). Os mais de 1.000 atletas de todo pa\u00eds superaram as dunas, bosques, trilhas e o calor de mais de 30 graus que assolou os competidores em pleno outono no sul do Brasil. Na [&hellip;]<\/p>\n","protected":false},"author":5,"featured_media":9250,"comment_status":"closed","ping_status":"closed","sticky":false,"template":"","format":"standard","meta":{"_uag_custom_page_level_css":"","_mi_skip_tracking":false,"footnotes":""},"categories":[40,914,7],"tags":[424,282,29,663,576],"class_list":["post-9246","post","type-post","status-publish","format-standard","has-post-thumbnail","hentry","category-esportes","category-mormaii","category-novidades","tag-corrida","tag-home","tag-mormaii","tag-mountain-do-praia-do-rosa","tag-running"],"acf":[],"uagb_featured_image_src":{"full":["https:\/\/www.mormaii.com.br\/site\/wp-content\/uploads\/2019\/04\/muntain-do-praia-do-rosa.jpg",700,400,false],"thumbnail":["https:\/\/www.mormaii.com.br\/site\/wp-content\/uploads\/2019\/04\/muntain-do-praia-do-rosa-150x150.jpg",150,150,true],"medium":["https:\/\/www.mormaii.com.br\/site\/wp-content\/uploads\/2019\/04\/muntain-do-praia-do-rosa-300x171.jpg",300,171,true],"medium_large":["https:\/\/www.mormaii.com.br\/site\/wp-content\/uploads\/2019\/04\/muntain-do-praia-do-rosa.jpg",700,400,false],"large":["https:\/\/www.mormaii.com.br\/site\/wp-content\/uploads\/2019\/04\/muntain-do-praia-do-rosa.jpg",700,400,false],"1536x1536":["https:\/\/www.mormaii.com.br\/site\/wp-content\/uploads\/2019\/04\/muntain-do-praia-do-rosa.jpg",700,400,false],"2048x2048":["https:\/\/www.mormaii.com.br\/site\/wp-content\/uploads\/2019\/04\/muntain-do-praia-do-rosa.jpg",700,400,false],"qi_addons_for_elementor_image_size_square":["https:\/\/www.mormaii.com.br\/site\/wp-content\/uploads\/2019\/04\/muntain-do-praia-do-rosa.jpg",650,371,false],"qi_addons_for_elementor_image_size_landscape":["https:\/\/www.mormaii.com.br\/site\/wp-content\/uploads\/2019\/04\/muntain-do-praia-do-rosa.jpg",700,400,false],"qi_addons_for_elementor_image_size_portrait":["https:\/\/www.mormaii.com.br\/site\/wp-content\/uploads\/2019\/04\/muntain-do-praia-do-rosa.jpg",650,371,false],"qi_addons_for_elementor_image_size_huge-square":["https:\/\/www.mormaii.com.br\/site\/wp-content\/uploads\/2019\/04\/muntain-do-praia-do-rosa.jpg",700,400,false]},"uagb_author_info":{"display_name":"Tissot","author_link":"https:\/\/www.mormaii.com.br\/site\/author\/fabiano\/"},"uagb_comment_info":0,"uagb_excerpt":"Mountain Do Praia do Rosa Neste final de semana aconteceu mais uma etapa do Mountain Do Praia do Rosa, em Imbituba (SC). Os mais de 1.000 atletas de todo pa\u00eds superaram as dunas, bosques, trilhas e o calor de mais de 30 graus que assolou os competidores em pleno outono no sul do Brasil. Na&hellip;","_links":{"self":[{"href":"https:\/\/www.mormaii.com.br\/site\/wp-json\/wp\/v2\/posts\/9246"}],"collection":[{"href":"https:\/\/www.mormaii.com.br\/site\/wp-json\/wp\/v2\/posts"}],"about":[{"href":"https:\/\/www.mormaii.com.br\/site\/wp-json\/wp\/v2\/types\/post"}],"author":[{"embeddable":true,"href":"https:\/\/www.mormaii.com.br\/site\/wp-json\/wp\/v2\/users\/5"}],"replies":[{"embeddable":true,"href":"https:\/\/www.mormaii.com.br\/site\/wp-json\/wp\/v2\/comments?post=9246"}],"version-history":[{"count":3,"href":"https:\/\/www.mormaii.com.br\/site\/wp-json\/wp\/v2\/posts\/9246\/revisions"}],"predecessor-version":[{"id":9252,"href":"https:\/\/www.mormaii.com.br\/site\/wp-json\/wp\/v2\/posts\/9246\/revisions\/9252"}],"wp:featuredmedia":[{"embeddable":true,"href":"https:\/\/www.mormaii.com.br\/site\/wp-json\/wp\/v2\/media\/9250"}],"wp:attachment":[{"href":"https:\/\/www.mormaii.com.br\/site\/wp-json\/wp\/v2\/media?parent=9246"}],"wp:term":[{"taxonomy":"category","embeddable":true,"href":"https:\/\/www.mormaii.com.br\/site\/wp-json\/wp\/v2\/categories?post=9246"},{"taxonomy":"post_tag","embeddable":true,"href":"https:\/\/www.mormaii.com.br\/site\/wp-json\/wp\/v2\/tags?post=9246"}],"curies":[{"name":"wp","href":"https:\/\/api.w.org\/{rel}","templated":true}]}}