{"id":926,"date":"2016-04-04T13:33:38","date_gmt":"2016-04-04T13:33:38","guid":{"rendered":"http:\/\/www.mormaii.com.br\/site\/?p=926"},"modified":"2022-06-10T10:44:29","modified_gmt":"2022-06-10T13:44:29","slug":"noticiasblog-moda-or-bandana-o-retorno-de-um-icone","status":"publish","type":"post","link":"https:\/\/www.mormaii.com.br\/site\/noticiasblog-moda-or-bandana-o-retorno-de-um-icone\/","title":{"rendered":"Blog Moda | Bandana : O retorno de um \u00edcone"},"content":{"rendered":"<p>Aten\u00e7\u00e3o adolescentes dos anos 90: aquela bandana, guardada l\u00e1 no fundo do ba\u00fa t\u00e1 com tudo. Os len\u00e7os supercl\u00e1ssicos, feitos em algod\u00e3o, com estampa paisley voltaram para fazer do look das fashionistas um charme \u00e0 parte.<\/p>\n<p>Se voc\u00ea jurou que nunca mais usaria um visual \u00e0 la Axl Rose ou Nirvana, repense \u2013 o ritmo do ver\u00e3o \u00e9 rock`n`roll total. A moda apareceu no \u00faltimo ver\u00e3o europeu, ressurgindo nas passarelas, nas ruas e nos looks das celebridades. Vale como faixa de cabelo, para disfar\u00e7ar o suor nos dias quentes: prenda um coque no alto da cabe\u00e7a e bem-vinda ao mood da esta\u00e7\u00e3o.<br \/><a href=\"http:\/\/www.mormaii.com.br\/\">Clique aqui&nbsp;<\/a>e confira as novidades da nossa loja e escolha o look perfeito para curtir o ver\u00e3o de bandanas!<\/p>\n<p><em>Renata Moreira<br \/>Sou jornalista, e escrevo sobre moda e tend\u00eancias h\u00e1 cerca de sete anos. Tenho forma\u00e7\u00e3o em Fashion Business na LIM College de Nova Iorque e adoro moda. Mas se quiser me encontrar, v\u00e1 at\u00e9 a beira da praia, meu lugar preferido! Segue l\u00e1 no instagram @remoreiraa<\/em><\/p>\n","protected":false},"excerpt":{"rendered":"<p>Aten\u00e7\u00e3o adolescentes dos anos 90: aquela bandana, guardada l\u00e1 no fundo do ba\u00fa t\u00e1 com tudo. Os len\u00e7os supercl\u00e1ssicos, feitos em algod\u00e3o, com estampa paisley voltaram para fazer do look das fashionistas um charme \u00e0 parte. Se voc\u00ea jurou que nunca mais usaria um visual \u00e0 la Axl Rose ou Nirvana, repense \u2013 o ritmo [&hellip;]<\/p>\n","protected":false},"author":3,"featured_media":927,"comment_status":"open","ping_status":"open","sticky":false,"template":"","format":"standard","meta":{"_uag_custom_page_level_css":"","_mi_skip_tracking":false,"footnotes":""},"categories":[914,7],"tags":[],"class_list":["post-926","post","type-post","status-publish","format-standard","has-post-thumbnail","hentry","category-mormaii","category-novidades"],"acf":[],"uagb_featured_image_src":{"full":["https:\/\/www.mormaii.com.br\/site\/wp-content\/uploads\/2017\/06\/19b323b95c1c574363ad.jpg",1600,959,false],"thumbnail":["https:\/\/www.mormaii.com.br\/site\/wp-content\/uploads\/2017\/06\/19b323b95c1c574363ad-150x150.jpg",150,150,true],"medium":["https:\/\/www.mormaii.com.br\/site\/wp-content\/uploads\/2017\/06\/19b323b95c1c574363ad-300x180.jpg",300,180,true],"medium_large":["https:\/\/www.mormaii.com.br\/site\/wp-content\/uploads\/2017\/06\/19b323b95c1c574363ad-768x460.jpg",768,460,true],"large":["https:\/\/www.mormaii.com.br\/site\/wp-content\/uploads\/2017\/06\/19b323b95c1c574363ad-1024x614.jpg",1024,614,true],"1536x1536":["https:\/\/www.mormaii.com.br\/site\/wp-content\/uploads\/2017\/06\/19b323b95c1c574363ad.jpg",1536,921,false],"2048x2048":["https:\/\/www.mormaii.com.br\/site\/wp-content\/uploads\/2017\/06\/19b323b95c1c574363ad.jpg",1600,959,false],"qi_addons_for_elementor_image_size_square":["https:\/\/www.mormaii.com.br\/site\/wp-content\/uploads\/2017\/06\/19b323b95c1c574363ad.jpg",650,390,false],"qi_addons_for_elementor_image_size_landscape":["https:\/\/www.mormaii.com.br\/site\/wp-content\/uploads\/2017\/06\/19b323b95c1c574363ad.jpg",1084,650,false],"qi_addons_for_elementor_image_size_portrait":["https:\/\/www.mormaii.com.br\/site\/wp-content\/uploads\/2017\/06\/19b323b95c1c574363ad.jpg",650,390,false],"qi_addons_for_elementor_image_size_huge-square":["https:\/\/www.mormaii.com.br\/site\/wp-content\/uploads\/2017\/06\/19b323b95c1c574363ad.jpg",1300,779,false]},"uagb_author_info":{"display_name":"mormaii_importer","author_link":"https:\/\/www.mormaii.com.br\/site\/author\/mormaii_importer\/"},"uagb_comment_info":0,"uagb_excerpt":"Aten\u00e7\u00e3o adolescentes dos anos 90: aquela bandana, guardada l\u00e1 no fundo do ba\u00fa t\u00e1 com tudo. Os len\u00e7os supercl\u00e1ssicos, feitos em algod\u00e3o, com estampa paisley voltaram para fazer do look das fashionistas um charme \u00e0 parte. Se voc\u00ea jurou que nunca mais usaria um visual \u00e0 la Axl Rose ou Nirvana, repense \u2013 o ritmo&hellip;","_links":{"self":[{"href":"https:\/\/www.mormaii.com.br\/site\/wp-json\/wp\/v2\/posts\/926"}],"collection":[{"href":"https:\/\/www.mormaii.com.br\/site\/wp-json\/wp\/v2\/posts"}],"about":[{"href":"https:\/\/www.mormaii.com.br\/site\/wp-json\/wp\/v2\/types\/post"}],"author":[{"embeddable":true,"href":"https:\/\/www.mormaii.com.br\/site\/wp-json\/wp\/v2\/users\/3"}],"replies":[{"embeddable":true,"href":"https:\/\/www.mormaii.com.br\/site\/wp-json\/wp\/v2\/comments?post=926"}],"version-history":[{"count":1,"href":"https:\/\/www.mormaii.com.br\/site\/wp-json\/wp\/v2\/posts\/926\/revisions"}],"predecessor-version":[{"id":57940,"href":"https:\/\/www.mormaii.com.br\/site\/wp-json\/wp\/v2\/posts\/926\/revisions\/57940"}],"wp:featuredmedia":[{"embeddable":true,"href":"https:\/\/www.mormaii.com.br\/site\/wp-json\/wp\/v2\/media\/927"}],"wp:attachment":[{"href":"https:\/\/www.mormaii.com.br\/site\/wp-json\/wp\/v2\/media?parent=926"}],"wp:term":[{"taxonomy":"category","embeddable":true,"href":"https:\/\/www.mormaii.com.br\/site\/wp-json\/wp\/v2\/categories?post=926"},{"taxonomy":"post_tag","embeddable":true,"href":"https:\/\/www.mormaii.com.br\/site\/wp-json\/wp\/v2\/tags?post=926"}],"curies":[{"name":"wp","href":"https:\/\/api.w.org\/{rel}","templated":true}]}}