{"id":9306,"date":"2018-05-12T16:22:10","date_gmt":"2018-05-12T19:22:10","guid":{"rendered":"https:\/\/www.mormaii.com.br\/site\/?p=9306"},"modified":"2022-06-10T10:23:19","modified_gmt":"2022-06-10T13:23:19","slug":"mormaii-big-wave-reabre-com-sinal-amarelo","status":"publish","type":"post","link":"https:\/\/www.mormaii.com.br\/site\/mormaii-big-wave-reabre-com-sinal-amarelo\/","title":{"rendered":"Mormaii Big Wave reabre com sinal amarelo"},"content":{"rendered":"<div id=\"attachment_7315\" style=\"width: 1210px\" class=\"wp-caption alignnone\"><img loading=\"lazy\" decoding=\"async\" aria-describedby=\"caption-attachment-7315\" class=\"wp-image-7315 size-full\" title=\"mormaii big wave\" src=\"https:\/\/www.mormaii.com.br\/site\/wp-content\/uploads\/2017\/12\/110817CARDOSOfiaJAMESTHISTED045.jpg\" alt=\"F\u00e1bio Gouveia botando pra baixo no Cardoso | Foto: James Thisted\" width=\"1200\" height=\"800\" srcset=\"https:\/\/www.mormaii.com.br\/site\/wp-content\/uploads\/2017\/12\/110817CARDOSOfiaJAMESTHISTED045.jpg 1200w, https:\/\/www.mormaii.com.br\/site\/wp-content\/uploads\/2017\/12\/110817CARDOSOfiaJAMESTHISTED045-600x400.jpg 600w, https:\/\/www.mormaii.com.br\/site\/wp-content\/uploads\/2017\/12\/110817CARDOSOfiaJAMESTHISTED045-300x200.jpg 300w, https:\/\/www.mormaii.com.br\/site\/wp-content\/uploads\/2017\/12\/110817CARDOSOfiaJAMESTHISTED045-768x512.jpg 768w, https:\/\/www.mormaii.com.br\/site\/wp-content\/uploads\/2017\/12\/110817CARDOSOfiaJAMESTHISTED045-1024x683.jpg 1024w, https:\/\/www.mormaii.com.br\/site\/wp-content\/uploads\/2017\/12\/110817CARDOSOfiaJAMESTHISTED045-1170x780.jpg 1170w\" sizes=\"(max-width: 1200px) 100vw, 1200px\" \/><p id=\"caption-attachment-7315\" class=\"wp-caption-text\">F\u00e1bio Gouveia botando pra baixo no Cardoso | Fotos: James Thisted<\/p><\/div>\n<h3>Mormaii Big Wave<\/h3>\n<p>No dia 17 de maio ser\u00e1 reaberta a janela de espera do Mormaii Big Wave, evento de ondas grandes na remada.<\/p>\n<p>O campeonato possui como palco a Praia do Cardoso, Farol de Santa Marta, munic\u00edpio de Laguna (SC).<span id=\"more-6625\"><\/span><\/p>\n<p>Uma ondula\u00e7\u00e3o gigante formada por um ciclone extratropical est\u00e1 prevista para os pr\u00f3ximos dias na costa brasileira.<\/p>\n<p>O per\u00edodo de espera ainda nem inciou e j\u00e1 temos um sinal amarelo para a prova, colocando a organiza\u00e7\u00e3o e os atletas em estado de alerta.<\/p>\n<p><img loading=\"lazy\" decoding=\"async\" class=\"alignnone size-full wp-image-9311\" src=\"https:\/\/www.mormaii.com.br\/site\/wp-content\/uploads\/2019\/05\/110817CARDOSOpoloJAMESTHISTED032.jpg\" alt=\"\" width=\"1200\" height=\"800\" srcset=\"https:\/\/www.mormaii.com.br\/site\/wp-content\/uploads\/2019\/05\/110817CARDOSOpoloJAMESTHISTED032.jpg 1200w, https:\/\/www.mormaii.com.br\/site\/wp-content\/uploads\/2019\/05\/110817CARDOSOpoloJAMESTHISTED032-300x200.jpg 300w, https:\/\/www.mormaii.com.br\/site\/wp-content\/uploads\/2019\/05\/110817CARDOSOpoloJAMESTHISTED032-768x512.jpg 768w, https:\/\/www.mormaii.com.br\/site\/wp-content\/uploads\/2019\/05\/110817CARDOSOpoloJAMESTHISTED032-1024x683.jpg 1024w, https:\/\/www.mormaii.com.br\/site\/wp-content\/uploads\/2019\/05\/110817CARDOSOpoloJAMESTHISTED032-1170x780.jpg 1170w, https:\/\/www.mormaii.com.br\/site\/wp-content\/uploads\/2019\/05\/110817CARDOSOpoloJAMESTHISTED032-600x400.jpg 600w\" sizes=\"(max-width: 1200px) 100vw, 1200px\" \/><\/p>\n<h3>Como funciona a janela de espera<\/h3>\n<p>Como qualquer campeonato de ondas grandes ao redor do mundo, determina-se um per\u00edodo de tempo, normalmente entre 4 e 9 meses.<\/p>\n<p>No qual a organiza\u00e7\u00e3o, de acordo com as previs\u00f5es dos gr\u00e1fico de internet, determinar\u00e1 um dia espec\u00edfico para a realiza\u00e7\u00e3o da disputa.<\/p>\n<p>Um tamanho m\u00ednimo de onda \u00e9 exigido para que seja feita a convoca\u00e7\u00e3o dos atletas, o que no caso do Mormaii Big Wave \u00e9 de 3 metros de swell, com 13 segundos de per\u00edodo e dire\u00e7\u00e3o entre sudeste e leste.<\/p>\n<p>Sendo assim, ao aparacer no radar uma condi\u00e7\u00e3o semelhante, liga-se o alerta amarelo, colocando os atletas e envolvidos em estado de aten\u00e7\u00e3o.<\/p>\n<p>Caso a ondula\u00e7\u00e3o se confirme, com 72h de anteced\u00eancia \u00e9 emitido o sinal verde.<\/p>\n<p>A partir da\u00ed n\u00e3o tem mais volta, competidores de todo o mundo s\u00e3o acionados e come\u00e7am a se deslocar para Laguna.<\/p>\n<p><img loading=\"lazy\" decoding=\"async\" class=\"alignnone size-full wp-image-9315\" src=\"https:\/\/www.mormaii.com.br\/site\/wp-content\/uploads\/2019\/05\/110817CARDOSOvisualJAMESTHISTED095.jpg\" alt=\"\" width=\"1200\" height=\"800\" srcset=\"https:\/\/www.mormaii.com.br\/site\/wp-content\/uploads\/2019\/05\/110817CARDOSOvisualJAMESTHISTED095.jpg 1200w, https:\/\/www.mormaii.com.br\/site\/wp-content\/uploads\/2019\/05\/110817CARDOSOvisualJAMESTHISTED095-300x200.jpg 300w, https:\/\/www.mormaii.com.br\/site\/wp-content\/uploads\/2019\/05\/110817CARDOSOvisualJAMESTHISTED095-768x512.jpg 768w, https:\/\/www.mormaii.com.br\/site\/wp-content\/uploads\/2019\/05\/110817CARDOSOvisualJAMESTHISTED095-1024x683.jpg 1024w, https:\/\/www.mormaii.com.br\/site\/wp-content\/uploads\/2019\/05\/110817CARDOSOvisualJAMESTHISTED095-1170x780.jpg 1170w, https:\/\/www.mormaii.com.br\/site\/wp-content\/uploads\/2019\/05\/110817CARDOSOvisualJAMESTHISTED095-600x400.jpg 600w\" sizes=\"(max-width: 1200px) 100vw, 1200px\" \/><\/p>\n<p><strong>Evento internacional de ondas grandes <\/strong><\/p>\n<p>Vale ressaltar que o Mormaii Big Wave \u00e9 realizado em parceria com a WSL, FECASURF, ASTFSM e ATOWINJ.<\/p>\n<p>Com patroc\u00ednio da Mormaii, Governo de Santa Catarina, FESPORTE e Prefeitura de Laguna, ser\u00e3o distribu\u00eddos R$ 50 mil de premia\u00e7\u00e3o em dinheiro aos competidores.<\/p>\n<p>A lista de convidados re\u00fane nomes ilustres das ondas gigantes, como os brasileiros Carlos Burle, Everaldo Pato, Lucas Chumbinho, Pedro Calado e F\u00e1bio Gouveia.<\/p>\n<p>E tamb\u00e9m atletas de renome internacional, como o lend\u00e1rio australiano Ross Clarke Jones e o ingl\u00eas Andrew Cotton.<\/p>\n<p><img loading=\"lazy\" decoding=\"async\" class=\"alignnone size-full wp-image-9498\" src=\"https:\/\/www.mormaii.com.br\/site\/wp-content\/uploads\/2018\/05\/cartazBIGWAVE.jpg\" alt=\"\" width=\"1682\" height=\"1191\" srcset=\"https:\/\/www.mormaii.com.br\/site\/wp-content\/uploads\/2018\/05\/cartazBIGWAVE.jpg 1682w, https:\/\/www.mormaii.com.br\/site\/wp-content\/uploads\/2018\/05\/cartazBIGWAVE-300x212.jpg 300w, https:\/\/www.mormaii.com.br\/site\/wp-content\/uploads\/2018\/05\/cartazBIGWAVE-768x544.jpg 768w, https:\/\/www.mormaii.com.br\/site\/wp-content\/uploads\/2018\/05\/cartazBIGWAVE-1024x725.jpg 1024w, https:\/\/www.mormaii.com.br\/site\/wp-content\/uploads\/2018\/05\/cartazBIGWAVE-600x425.jpg 600w\" sizes=\"(max-width: 1682px) 100vw, 1682px\" \/><\/p>\n<h3>Conhe\u00e7a a lista de convidados<\/h3>\n<p>A lista de convidados priorizou os atletas envolvidos com a WSL, incluindo brasileiros e sul-americanos.<\/p>\n<p>Todos atletas de prest\u00edgio e reconhecimento internacional que figuram no radar do Big Wave Tour (Mundial de Ondas Gigantes).<\/p>\n<ol>\n<li><strong>Carlos Burle (BRA)<\/strong><\/li>\n<li>Antonio Silva (POR)<\/li>\n<li>Andrew Cotton (ING)<\/li>\n<li>Rafel Tapia (CHI)<\/li>\n<li>Coco Nogales (MEX)<\/li>\n<li><strong>Lucas Chumbo (BRA)<\/strong><\/li>\n<li>Diego Medina (CHI)<\/li>\n<li><strong>Lucas Silveira (BRA)<\/strong><\/li>\n<li>Alvaro Malpartida (PER)<\/li>\n<li>Drake Hickman (HAV)<\/li>\n<li><strong>Pedro Calado (BRA)<\/strong><\/li>\n<li><strong>Felipe Cesarano (BRA)<\/strong><\/li>\n<li>Jarryd Foster (AUS)<\/li>\n<li><strong>Rodrigo Koxa (BRA)<\/strong><\/li>\n<li>Cristian Merello (CHI)<\/li>\n<li><strong>Marcos Monteiro (BRA)<\/strong><\/li>\n<li><strong>Lapo Coutinho (BRA)<\/strong><\/li>\n<li>Alex Botelho (POR)<\/li>\n<li><strong>Everaldo Pato (BRA)<\/strong><\/li>\n<li>Gabriel Villaran (PER)<\/li>\n<li><strong>Paulo Moura (BRA)<\/strong><\/li>\n<li>Mick Corbs (AUS)<\/li>\n<li><strong>Fabio Gouveia (BRA)<\/strong><\/li>\n<li>Ross Clarke Jones (AUS)<\/li>\n<\/ol>\n<div id=\"attachment_7319\" style=\"width: 1210px\" class=\"wp-caption alignnone\"><img loading=\"lazy\" decoding=\"async\" aria-describedby=\"caption-attachment-7319\" class=\"wp-image-7319 size-full\" title=\"mormaii big wave\" src=\"https:\/\/www.mormaii.com.br\/site\/wp-content\/uploads\/2018\/12\/110817CARDOSObaiukaJAMESTHISTED059.jpg\" alt=\"Praia do Cardoso, Farol de Santa Marta, Laguna (SC) | Foto: James Thisted\" width=\"1200\" height=\"800\" srcset=\"https:\/\/www.mormaii.com.br\/site\/wp-content\/uploads\/2018\/12\/110817CARDOSObaiukaJAMESTHISTED059.jpg 1200w, https:\/\/www.mormaii.com.br\/site\/wp-content\/uploads\/2018\/12\/110817CARDOSObaiukaJAMESTHISTED059-600x400.jpg 600w, https:\/\/www.mormaii.com.br\/site\/wp-content\/uploads\/2018\/12\/110817CARDOSObaiukaJAMESTHISTED059-300x200.jpg 300w, https:\/\/www.mormaii.com.br\/site\/wp-content\/uploads\/2018\/12\/110817CARDOSObaiukaJAMESTHISTED059-768x512.jpg 768w, https:\/\/www.mormaii.com.br\/site\/wp-content\/uploads\/2018\/12\/110817CARDOSObaiukaJAMESTHISTED059-1024x683.jpg 1024w, https:\/\/www.mormaii.com.br\/site\/wp-content\/uploads\/2018\/12\/110817CARDOSObaiukaJAMESTHISTED059-1170x780.jpg 1170w\" sizes=\"(max-width: 1200px) 100vw, 1200px\" \/><p id=\"caption-attachment-7319\" class=\"wp-caption-text\">Praia do Cardoso, Farol de Santa Marta, Laguna (SC) | Fotos: James Thisted<\/p><\/div>\n<p><a href=\"https:\/\/www.mormaiishop.com.br\/wetsuits\/Masculino?PS=12&amp;map=c,specificationFilter_59&amp;O=OrderByReleaseDateDESC\" target=\"_blank\" rel=\"noopener\"><img loading=\"lazy\" decoding=\"async\" class=\"wp-image-8774 size-full\" src=\"https:\/\/www.mormaii.com.br\/site\/wp-content\/uploads\/2019\/03\/MORMAIISHOPflexxxapro_categoria940x300.png\" alt=\"\" width=\"941\" height=\"300\" srcset=\"https:\/\/www.mormaii.com.br\/site\/wp-content\/uploads\/2019\/03\/MORMAIISHOPflexxxapro_categoria940x300.png 941w, https:\/\/www.mormaii.com.br\/site\/wp-content\/uploads\/2019\/03\/MORMAIISHOPflexxxapro_categoria940x300-300x96.png 300w, https:\/\/www.mormaii.com.br\/site\/wp-content\/uploads\/2019\/03\/MORMAIISHOPflexxxapro_categoria940x300-768x245.png 768w, https:\/\/www.mormaii.com.br\/site\/wp-content\/uploads\/2019\/03\/MORMAIISHOPflexxxapro_categoria940x300-600x191.png 600w\" sizes=\"(max-width: 941px) 100vw, 941px\" \/><\/a><\/p>\n<p>Clique e confira a linha completa de wetsuits Mormaii<\/p>\n","protected":false},"excerpt":{"rendered":"<p>Mormaii Big Wave No dia 17 de maio ser\u00e1 reaberta a janela de espera do Mormaii Big Wave, evento de ondas grandes na remada. O campeonato possui como palco a Praia do Cardoso, Farol de Santa Marta, munic\u00edpio de Laguna (SC). Uma ondula\u00e7\u00e3o gigante formada por um ciclone extratropical est\u00e1 prevista para os pr\u00f3ximos dias [&hellip;]<\/p>\n","protected":false},"author":5,"featured_media":9317,"comment_status":"closed","ping_status":"closed","sticky":false,"template":"","format":"standard","meta":{"_uag_custom_page_level_css":"","_mi_skip_tracking":false,"footnotes":""},"categories":[40,914,7,345],"tags":[330,328,329,282,327,326,253],"class_list":["post-9306","post","type-post","status-publish","format-standard","has-post-thumbnail","hentry","category-esportes","category-mormaii","category-novidades","category-surf","tag-big-wave","tag-cardoso","tag-farol-de-santa-marta","tag-home","tag-laguna","tag-mormaii-big-wave","tag-surf"],"acf":[],"uagb_featured_image_src":{"full":["https:\/\/www.mormaii.com.br\/site\/wp-content\/uploads\/2018\/05\/mormaii-big-wave.jpg",700,400,false],"thumbnail":["https:\/\/www.mormaii.com.br\/site\/wp-content\/uploads\/2018\/05\/mormaii-big-wave-150x150.jpg",150,150,true],"medium":["https:\/\/www.mormaii.com.br\/site\/wp-content\/uploads\/2018\/05\/mormaii-big-wave-300x171.jpg",300,171,true],"medium_large":["https:\/\/www.mormaii.com.br\/site\/wp-content\/uploads\/2018\/05\/mormaii-big-wave.jpg",700,400,false],"large":["https:\/\/www.mormaii.com.br\/site\/wp-content\/uploads\/2018\/05\/mormaii-big-wave.jpg",700,400,false],"1536x1536":["https:\/\/www.mormaii.com.br\/site\/wp-content\/uploads\/2018\/05\/mormaii-big-wave.jpg",700,400,false],"2048x2048":["https:\/\/www.mormaii.com.br\/site\/wp-content\/uploads\/2018\/05\/mormaii-big-wave.jpg",700,400,false],"qi_addons_for_elementor_image_size_square":["https:\/\/www.mormaii.com.br\/site\/wp-content\/uploads\/2018\/05\/mormaii-big-wave.jpg",650,371,false],"qi_addons_for_elementor_image_size_landscape":["https:\/\/www.mormaii.com.br\/site\/wp-content\/uploads\/2018\/05\/mormaii-big-wave.jpg",700,400,false],"qi_addons_for_elementor_image_size_portrait":["https:\/\/www.mormaii.com.br\/site\/wp-content\/uploads\/2018\/05\/mormaii-big-wave.jpg",650,371,false],"qi_addons_for_elementor_image_size_huge-square":["https:\/\/www.mormaii.com.br\/site\/wp-content\/uploads\/2018\/05\/mormaii-big-wave.jpg",700,400,false]},"uagb_author_info":{"display_name":"Tissot","author_link":"https:\/\/www.mormaii.com.br\/site\/author\/fabiano\/"},"uagb_comment_info":0,"uagb_excerpt":"Mormaii Big Wave No dia 17 de maio ser\u00e1 reaberta a janela de espera do Mormaii Big Wave, evento de ondas grandes na remada. O campeonato possui como palco a Praia do Cardoso, Farol de Santa Marta, munic\u00edpio de Laguna (SC). Uma ondula\u00e7\u00e3o gigante formada por um ciclone extratropical est\u00e1 prevista para os pr\u00f3ximos dias&hellip;","_links":{"self":[{"href":"https:\/\/www.mormaii.com.br\/site\/wp-json\/wp\/v2\/posts\/9306"}],"collection":[{"href":"https:\/\/www.mormaii.com.br\/site\/wp-json\/wp\/v2\/posts"}],"about":[{"href":"https:\/\/www.mormaii.com.br\/site\/wp-json\/wp\/v2\/types\/post"}],"author":[{"embeddable":true,"href":"https:\/\/www.mormaii.com.br\/site\/wp-json\/wp\/v2\/users\/5"}],"replies":[{"embeddable":true,"href":"https:\/\/www.mormaii.com.br\/site\/wp-json\/wp\/v2\/comments?post=9306"}],"version-history":[{"count":12,"href":"https:\/\/www.mormaii.com.br\/site\/wp-json\/wp\/v2\/posts\/9306\/revisions"}],"predecessor-version":[{"id":9500,"href":"https:\/\/www.mormaii.com.br\/site\/wp-json\/wp\/v2\/posts\/9306\/revisions\/9500"}],"wp:featuredmedia":[{"embeddable":true,"href":"https:\/\/www.mormaii.com.br\/site\/wp-json\/wp\/v2\/media\/9317"}],"wp:attachment":[{"href":"https:\/\/www.mormaii.com.br\/site\/wp-json\/wp\/v2\/media?parent=9306"}],"wp:term":[{"taxonomy":"category","embeddable":true,"href":"https:\/\/www.mormaii.com.br\/site\/wp-json\/wp\/v2\/categories?post=9306"},{"taxonomy":"post_tag","embeddable":true,"href":"https:\/\/www.mormaii.com.br\/site\/wp-json\/wp\/v2\/tags?post=9306"}],"curies":[{"name":"wp","href":"https:\/\/api.w.org\/{rel}","templated":true}]}}