{"id":9351,"date":"2018-05-11T00:07:11","date_gmt":"2018-05-11T03:07:11","guid":{"rendered":"https:\/\/www.mormaii.com.br\/site\/?p=9351"},"modified":"2022-06-10T10:50:53","modified_gmt":"2022-06-10T13:50:53","slug":"allan-e-betina-vencem-o-brasileiro","status":"publish","type":"post","link":"https:\/\/www.mormaii.com.br\/site\/allan-e-betina-vencem-o-brasileiro\/","title":{"rendered":"Allan e Betina vencem o Brasileiro de Nata\u00e7\u00e3o"},"content":{"rendered":"<p><img loading=\"lazy\" decoding=\"async\" class=\"alignnone wp-image-9352 size-full\" title=\"Campeonato Brasileiro de Nata\u00e7\u00e3o\" src=\"https:\/\/www.mormaii.com.br\/site\/wp-content\/uploads\/2018\/05\/mormaii-natacao.jpg\" alt=\"\" width=\"700\" height=\"400\" srcset=\"https:\/\/www.mormaii.com.br\/site\/wp-content\/uploads\/2018\/05\/mormaii-natacao.jpg 700w, https:\/\/www.mormaii.com.br\/site\/wp-content\/uploads\/2018\/05\/mormaii-natacao-300x171.jpg 300w, https:\/\/www.mormaii.com.br\/site\/wp-content\/uploads\/2018\/05\/mormaii-natacao-600x343.jpg 600w\" sizes=\"(max-width: 700px) 100vw, 700px\" \/><\/p>\n<h3>Campeonato Brasileiro<\/h3>\n<p><a href=\"https:\/\/www.mormaii.com.br\/site\/allan-do-carmo\/\" target=\"_blank\" rel=\"noopener\">Allan do Carmo<\/a> e Betina Lorscheitter conquistaram a medalha de ouro na prova de 5 km do Campeonato Brasileiro de Nata\u00e7\u00e3o realizado na manh\u00e3 deste domingo, em Fortaleza, pela terceira etapa do circuito nacional de \u00e1guas abertas de 2018.<\/p>\n<p>Numa manh\u00e3 nublada na capital cearense, al\u00e9m do Brasileiro, o evento tamb\u00e9m contou com a disputa da Copa Brasil, da seletiva para o Campeonato Mundial J\u00fanior, al\u00e9m das provas da Federa\u00e7\u00e3o Cearense de Desportos Aqu\u00e1ticos.<\/p>\n<p><img loading=\"lazy\" decoding=\"async\" class=\"alignnone wp-image-8154 size-full\" title=\"Campeonato Brasileiro de Nata\u00e7\u00e3o\" src=\"https:\/\/www.mormaii.com.br\/site\/wp-content\/uploads\/2018\/02\/allan-do-carmo-natacao-mormaii.jpg\" alt=\"\" width=\"1974\" height=\"1316\" srcset=\"https:\/\/www.mormaii.com.br\/site\/wp-content\/uploads\/2018\/02\/allan-do-carmo-natacao-mormaii.jpg 1974w, https:\/\/www.mormaii.com.br\/site\/wp-content\/uploads\/2018\/02\/allan-do-carmo-natacao-mormaii-600x400.jpg 600w, https:\/\/www.mormaii.com.br\/site\/wp-content\/uploads\/2018\/02\/allan-do-carmo-natacao-mormaii-300x200.jpg 300w, https:\/\/www.mormaii.com.br\/site\/wp-content\/uploads\/2018\/02\/allan-do-carmo-natacao-mormaii-768x512.jpg 768w, https:\/\/www.mormaii.com.br\/site\/wp-content\/uploads\/2018\/02\/allan-do-carmo-natacao-mormaii-1024x683.jpg 1024w, https:\/\/www.mormaii.com.br\/site\/wp-content\/uploads\/2018\/02\/allan-do-carmo-natacao-mormaii-1170x780.jpg 1170w\" sizes=\"(max-width: 1974px) 100vw, 1974px\" \/><\/p>\n<h3>Allan do Carmo<\/h3>\n<p>Allan do Carmo venceu a prova, seguido por Victor Colonese e Alexandre Finco, que ficaram com a segunda e terceira coloca\u00e7\u00e3o respectivamente, no geral masculino.<\/p>\n<p>\u201cHoje eu consegui acertar tudo na prova, pude controlar o pelot\u00e3o do in\u00edcio a fim e impor o meu ritmo para garantir a vit\u00f3ria. Agora vamos para Seychelles, com o objetivo de se preparar para o Pan-Pac\u00edfico, que \u00e9 a principal prova esse ano\u201d, disse Allan.<\/p>\n<p><img loading=\"lazy\" decoding=\"async\" class=\"alignnone wp-image-8262 size-full\" title=\"Campeonato Brasileiro de Nata\u00e7\u00e3o\" src=\"https:\/\/www.mormaii.com.br\/site\/wp-content\/uploads\/2018\/02\/natacao-mormaii-betina-lorscheiter-2.jpg\" alt=\"\" width=\"700\" height=\"400\" srcset=\"https:\/\/www.mormaii.com.br\/site\/wp-content\/uploads\/2018\/02\/natacao-mormaii-betina-lorscheiter-2.jpg 700w, https:\/\/www.mormaii.com.br\/site\/wp-content\/uploads\/2018\/02\/natacao-mormaii-betina-lorscheiter-2-600x343.jpg 600w, https:\/\/www.mormaii.com.br\/site\/wp-content\/uploads\/2018\/02\/natacao-mormaii-betina-lorscheiter-2-300x171.jpg 300w\" sizes=\"(max-width: 700px) 100vw, 700px\" \/><\/p>\n<h3>Betina Lorscheitter<\/h3>\n<p>J\u00e1 no feminino, mais uma vit\u00f3ria da atleta do Gr\u00eamio N\u00e1utico Uni\u00e3o, Betina Lorscheitter, que lidera o ranking nacional da competi\u00e7\u00e3o.<\/p>\n<p>\u201cFoi uma prova \u00f3tima, eu gostei bastante de ter nadado aqui. Aproveito para parabenizar a Federa\u00e7\u00e3o do Cear\u00e1 e a CBDA pela organiza\u00e7\u00e3o do evento, porque foi uma prova excelente em todos os sentidos. Estou muito feliz com o resultado e o meu objetivo \u00e9 continuar liderando a competi\u00e7\u00e3o e ganhar o circuito de 2018\u201d, disse Betina.<\/p>\n<h3>CBDA<\/h3>\n<p>O supervisor de Maratonas Aqu\u00e1ticas do Norte-Nordeste da CBDA, Alexandre Nina, falou sobre o Campeonato Brasileiro de Nata\u00e7\u00e3o realizado em Fortaleza e aproveitou para fazer o convite para a pr\u00f3xima etapa, que ser\u00e1 realizado no Maranh\u00e3o, entre os dias 29 de junho e 1 de julho de 2018.<\/p>\n<p>\u201cUm evento de enorme sucesso aqui em Fortaleza, com resultados excelentes e um aumento de 200% no n\u00famero de inscritos em rela\u00e7\u00e3o ao ano passado. Tivemos tamb\u00e9m a oportunidade de fazer a seletiva de 12 atletas para o mundial j\u00fanior, que ser\u00e1 realizado em Israel. Gostaria de reiterar o convite para a quarta etapa do circuito que ser\u00e1 realizado no Maranh\u00e3o\u201d, falou Nina.<\/p>\n<p>Os resultados j\u00e1 est\u00e3o dispon\u00edveis no site oficial da CBDA:\u00a0<a href=\"http:\/\/www.cbda.org.br\/cbda\/maratonas\/evento\/510\/xxiii-campeonato-brasileiro-5-km-3-ordf-etapa\" target=\"_blank\" rel=\"noopener\">clique aqui<\/a><\/p>\n<div id=\"attachment_8350\" style=\"width: 1413px\" class=\"wp-caption alignnone\"><a href=\"http:\/\/www.natacaomormaii.com.br\/produtos\/\" target=\"_blank\" rel=\"noopener\"><img loading=\"lazy\" decoding=\"async\" aria-describedby=\"caption-attachment-8350\" class=\"wp-image-8350 size-full\" src=\"https:\/\/www.mormaii.com.br\/site\/wp-content\/uploads\/2018\/02\/mormaii-natacao.jpg\" alt=\"\" width=\"1403\" height=\"443\" srcset=\"https:\/\/www.mormaii.com.br\/site\/wp-content\/uploads\/2018\/02\/mormaii-natacao.jpg 1403w, https:\/\/www.mormaii.com.br\/site\/wp-content\/uploads\/2018\/02\/mormaii-natacao-300x95.jpg 300w, https:\/\/www.mormaii.com.br\/site\/wp-content\/uploads\/2018\/02\/mormaii-natacao-768x242.jpg 768w, https:\/\/www.mormaii.com.br\/site\/wp-content\/uploads\/2018\/02\/mormaii-natacao-1024x323.jpg 1024w, https:\/\/www.mormaii.com.br\/site\/wp-content\/uploads\/2018\/02\/mormaii-natacao-600x189.jpg 600w\" sizes=\"(max-width: 1403px) 100vw, 1403px\" \/><\/a><p id=\"caption-attachment-8350\" class=\"wp-caption-text\">Clique e conhe\u00e7a os produtos Mormaii Nata\u00e7\u00e3o<\/p><\/div>\n","protected":false},"excerpt":{"rendered":"<p>Campeonato Brasileiro Allan do Carmo e Betina Lorscheitter conquistaram a medalha de ouro na prova de 5 km do Campeonato Brasileiro de Nata\u00e7\u00e3o realizado na manh\u00e3 deste domingo, em Fortaleza, pela terceira etapa do circuito nacional de \u00e1guas abertas de 2018. Numa manh\u00e3 nublada na capital cearense, al\u00e9m do Brasileiro, o evento tamb\u00e9m contou com [&hellip;]<\/p>\n","protected":false},"author":5,"featured_media":9352,"comment_status":"closed","ping_status":"closed","sticky":false,"template":"","format":"standard","meta":{"_uag_custom_page_level_css":"","_mi_skip_tracking":false,"footnotes":""},"categories":[40,914,7],"tags":[282,29,370],"class_list":["post-9351","post","type-post","status-publish","format-standard","has-post-thumbnail","hentry","category-esportes","category-mormaii","category-novidades","tag-home","tag-mormaii","tag-natacao"],"acf":[],"uagb_featured_image_src":{"full":["https:\/\/www.mormaii.com.br\/site\/wp-content\/uploads\/2018\/05\/mormaii-natacao.jpg",700,400,false],"thumbnail":["https:\/\/www.mormaii.com.br\/site\/wp-content\/uploads\/2018\/05\/mormaii-natacao-150x150.jpg",150,150,true],"medium":["https:\/\/www.mormaii.com.br\/site\/wp-content\/uploads\/2018\/05\/mormaii-natacao-300x171.jpg",300,171,true],"medium_large":["https:\/\/www.mormaii.com.br\/site\/wp-content\/uploads\/2018\/05\/mormaii-natacao.jpg",700,400,false],"large":["https:\/\/www.mormaii.com.br\/site\/wp-content\/uploads\/2018\/05\/mormaii-natacao.jpg",700,400,false],"1536x1536":["https:\/\/www.mormaii.com.br\/site\/wp-content\/uploads\/2018\/05\/mormaii-natacao.jpg",700,400,false],"2048x2048":["https:\/\/www.mormaii.com.br\/site\/wp-content\/uploads\/2018\/05\/mormaii-natacao.jpg",700,400,false],"qi_addons_for_elementor_image_size_square":["https:\/\/www.mormaii.com.br\/site\/wp-content\/uploads\/2018\/05\/mormaii-natacao.jpg",650,371,false],"qi_addons_for_elementor_image_size_landscape":["https:\/\/www.mormaii.com.br\/site\/wp-content\/uploads\/2018\/05\/mormaii-natacao.jpg",700,400,false],"qi_addons_for_elementor_image_size_portrait":["https:\/\/www.mormaii.com.br\/site\/wp-content\/uploads\/2018\/05\/mormaii-natacao.jpg",650,371,false],"qi_addons_for_elementor_image_size_huge-square":["https:\/\/www.mormaii.com.br\/site\/wp-content\/uploads\/2018\/05\/mormaii-natacao.jpg",700,400,false]},"uagb_author_info":{"display_name":"Tissot","author_link":"https:\/\/www.mormaii.com.br\/site\/author\/fabiano\/"},"uagb_comment_info":0,"uagb_excerpt":"Campeonato Brasileiro Allan do Carmo e Betina Lorscheitter conquistaram a medalha de ouro na prova de 5 km do Campeonato Brasileiro de Nata\u00e7\u00e3o realizado na manh\u00e3 deste domingo, em Fortaleza, pela terceira etapa do circuito nacional de \u00e1guas abertas de 2018. Numa manh\u00e3 nublada na capital cearense, al\u00e9m do Brasileiro, o evento tamb\u00e9m contou com&hellip;","_links":{"self":[{"href":"https:\/\/www.mormaii.com.br\/site\/wp-json\/wp\/v2\/posts\/9351"}],"collection":[{"href":"https:\/\/www.mormaii.com.br\/site\/wp-json\/wp\/v2\/posts"}],"about":[{"href":"https:\/\/www.mormaii.com.br\/site\/wp-json\/wp\/v2\/types\/post"}],"author":[{"embeddable":true,"href":"https:\/\/www.mormaii.com.br\/site\/wp-json\/wp\/v2\/users\/5"}],"replies":[{"embeddable":true,"href":"https:\/\/www.mormaii.com.br\/site\/wp-json\/wp\/v2\/comments?post=9351"}],"version-history":[{"count":4,"href":"https:\/\/www.mormaii.com.br\/site\/wp-json\/wp\/v2\/posts\/9351\/revisions"}],"predecessor-version":[{"id":9356,"href":"https:\/\/www.mormaii.com.br\/site\/wp-json\/wp\/v2\/posts\/9351\/revisions\/9356"}],"wp:featuredmedia":[{"embeddable":true,"href":"https:\/\/www.mormaii.com.br\/site\/wp-json\/wp\/v2\/media\/9352"}],"wp:attachment":[{"href":"https:\/\/www.mormaii.com.br\/site\/wp-json\/wp\/v2\/media?parent=9351"}],"wp:term":[{"taxonomy":"category","embeddable":true,"href":"https:\/\/www.mormaii.com.br\/site\/wp-json\/wp\/v2\/categories?post=9351"},{"taxonomy":"post_tag","embeddable":true,"href":"https:\/\/www.mormaii.com.br\/site\/wp-json\/wp\/v2\/tags?post=9351"}],"curies":[{"name":"wp","href":"https:\/\/api.w.org\/{rel}","templated":true}]}}