{"id":9357,"date":"2018-05-07T00:39:00","date_gmt":"2018-05-07T03:39:00","guid":{"rendered":"https:\/\/www.mormaii.com.br\/site\/?p=9357"},"modified":"2022-06-10T10:03:17","modified_gmt":"2022-06-10T13:03:17","slug":"taynara-bonetti-pronta-pro","status":"publish","type":"post","link":"https:\/\/www.mormaii.com.br\/site\/taynara-bonetti-pronta-pro\/","title":{"rendered":"Taynara Bonetti pronta pro Mundial de Triathlon"},"content":{"rendered":"<div id=\"attachment_9358\" style=\"width: 710px\" class=\"wp-caption alignnone\"><img loading=\"lazy\" decoding=\"async\" aria-describedby=\"caption-attachment-9358\" class=\"wp-image-9358 size-full\" title=\"Taynara Bonetti \" src=\"https:\/\/www.mormaii.com.br\/site\/wp-content\/uploads\/2018\/05\/Taynara-Bonetti-4.jpg\" alt=\"\" width=\"700\" height=\"400\" srcset=\"https:\/\/www.mormaii.com.br\/site\/wp-content\/uploads\/2018\/05\/Taynara-Bonetti-4.jpg 700w, https:\/\/www.mormaii.com.br\/site\/wp-content\/uploads\/2018\/05\/Taynara-Bonetti-4-300x171.jpg 300w, https:\/\/www.mormaii.com.br\/site\/wp-content\/uploads\/2018\/05\/Taynara-Bonetti-4-600x343.jpg 600w\" sizes=\"(max-width: 700px) 100vw, 700px\" \/><p id=\"caption-attachment-9358\" class=\"wp-caption-text\">Fotos: Carlos Carpinelli<\/p><\/div>\n<h3>Taynara Bonetti<\/h3>\n<p>\u201cTudo \u00e9 poss\u00edvel, desde que a gente acredite de verdade, trabalhe duro e corra atr\u00e1s. A for\u00e7a do pensamento \u00e9 real\u201d. Este \u00e9 o mantra que a triatleta catarinense de 21 anos Taynara Bonetti mentaliza diariamente para buscar seus objetivos em cada competi\u00e7\u00e3o.<\/p>\n<p>No \u00faltimo dia 22 de abril, a esportista suou para conquistar a medalha de ouro no Ironman 70.3 Florian\u00f3polis na categoria 18 a 24 anos, o que culminou em sua classifica\u00e7\u00e3o para o Mundial da modalidade, que acontece em setembro na \u00c1frica do Sul.<\/p>\n<p>Disputando em casa, a estreante que ingressou no triathlon com apenas 9 anos de idade, festejou com os torcedores a medalha e seu tempo de prova de 5 horas e 11 minutos.<\/p>\n<p><img loading=\"lazy\" decoding=\"async\" class=\"alignnone wp-image-9361 size-full\" title=\"Taynara Bonetti\" src=\"https:\/\/www.mormaii.com.br\/site\/wp-content\/uploads\/2018\/05\/triathlon-2.jpg\" alt=\"\" width=\"700\" height=\"400\" srcset=\"https:\/\/www.mormaii.com.br\/site\/wp-content\/uploads\/2018\/05\/triathlon-2.jpg 700w, https:\/\/www.mormaii.com.br\/site\/wp-content\/uploads\/2018\/05\/triathlon-2-300x171.jpg 300w, https:\/\/www.mormaii.com.br\/site\/wp-content\/uploads\/2018\/05\/triathlon-2-600x343.jpg 600w\" sizes=\"(max-width: 700px) 100vw, 700px\" \/><\/p>\n<h3>Jogando em casa<\/h3>\n<p>\u201cA torcida merece os parab\u00e9ns, foi excepcional desde a largada. Motivaram muito, a galera de Floripa realmente respira Ironman\u201d, recorda emocionada.<\/p>\n<p>A atleta conseguiu baixar sete minutos em rela\u00e7\u00e3o a primeira vez que fez o percurso e teve o quarto melhor tempo da nata\u00e7\u00e3o entre todas as competidoras &#8211; profissionais e amadoras.<\/p>\n<p>Entretanto, mesmo feliz pelo resultado admitiu \u201cMeu rendimento n\u00e3o saiu exatamente como queria.<\/p>\n<p>Tenho muitos pontos a melhorar, em especial no ciclismo, mas consegui superar meu recorde pessoal\u201d.<\/p>\n<p>Taynara Bonetti, nas pr\u00f3ximas semanas, dar\u00e1 continuidade aos seus treinamentos focados no Ironman Florian\u00f3polis, que acontece em 27 de maio.<\/p>\n<p><img loading=\"lazy\" decoding=\"async\" class=\"wp-image-9359 size-full\" title=\"Taynara Bonetti \" src=\"https:\/\/www.mormaii.com.br\/site\/wp-content\/uploads\/2018\/05\/Taynara-Bonetti-3.jpg\" alt=\"\" width=\"700\" height=\"400\" srcset=\"https:\/\/www.mormaii.com.br\/site\/wp-content\/uploads\/2018\/05\/Taynara-Bonetti-3.jpg 700w, https:\/\/www.mormaii.com.br\/site\/wp-content\/uploads\/2018\/05\/Taynara-Bonetti-3-300x171.jpg 300w, https:\/\/www.mormaii.com.br\/site\/wp-content\/uploads\/2018\/05\/Taynara-Bonetti-3-600x343.jpg 600w\" sizes=\"(max-width: 700px) 100vw, 700px\" \/><\/p>\n<h3>De olho no Mundial<\/h3>\n<p>\u201cUm minuto durante a prova faz uma enorme diferen\u00e7a. Mesmo sendo longa, a cabe\u00e7a tem que estar 100% pra tudo sair perfeito\u201d garante a triatleta.<\/p>\n<p>Ela ainda estuda suas estrat\u00e9gias para a competi\u00e7\u00e3o e destaca que para chegar a sua mais alta performance precisa competir muito e ajustar todos os detalhes que envolvem o dia a dia de treino.<\/p>\n<p>Faltando poucas semanas para a prova &#8211; uma de suas metas em 2018 &#8211; Taynara seguir\u00e1 sua mesma rotina de treinos e s\u00f3 tr\u00eas dias antes da competi\u00e7\u00e3o que aumentar\u00e1 o consumo de carboidrato e \u00e1gua.<\/p>\n<p>\u201c\u00c9 importante conhecer e ouvir os sinais do corpo, diferenciar pregui\u00e7a de indisposi\u00e7\u00e3o \u00e9 primordial\u201d, complementa ela.<\/p>\n<div id=\"attachment_8934\" style=\"width: 1410px\" class=\"wp-caption alignnone\"><a href=\"https:\/\/www.mormaiishop.com.br\/triathlon\" target=\"_blank\" rel=\"noopener\"><img loading=\"lazy\" decoding=\"async\" aria-describedby=\"caption-attachment-8934\" class=\"wp-image-8934 size-full\" src=\"https:\/\/www.mormaii.com.br\/site\/wp-content\/uploads\/2018\/04\/mormaii-triathlon.jpg\" alt=\"Clique e confira a linha Mormaii Triathlon\" width=\"1400\" height=\"440\" srcset=\"https:\/\/www.mormaii.com.br\/site\/wp-content\/uploads\/2018\/04\/mormaii-triathlon.jpg 1400w, https:\/\/www.mormaii.com.br\/site\/wp-content\/uploads\/2018\/04\/mormaii-triathlon-300x94.jpg 300w, https:\/\/www.mormaii.com.br\/site\/wp-content\/uploads\/2018\/04\/mormaii-triathlon-768x241.jpg 768w, https:\/\/www.mormaii.com.br\/site\/wp-content\/uploads\/2018\/04\/mormaii-triathlon-1024x322.jpg 1024w, https:\/\/www.mormaii.com.br\/site\/wp-content\/uploads\/2018\/04\/mormaii-triathlon-600x189.jpg 600w\" sizes=\"(max-width: 1400px) 100vw, 1400px\" \/><\/a><p id=\"caption-attachment-8934\" class=\"wp-caption-text\">Clique e confira a linha Mormaii Triathlon<\/p><\/div>\n","protected":false},"excerpt":{"rendered":"<p>Taynara Bonetti \u201cTudo \u00e9 poss\u00edvel, desde que a gente acredite de verdade, trabalhe duro e corra atr\u00e1s. A for\u00e7a do pensamento \u00e9 real\u201d. Este \u00e9 o mantra que a triatleta catarinense de 21 anos Taynara Bonetti mentaliza diariamente para buscar seus objetivos em cada competi\u00e7\u00e3o. No \u00faltimo dia 22 de abril, a esportista suou para [&hellip;]<\/p>\n","protected":false},"author":5,"featured_media":9359,"comment_status":"closed","ping_status":"closed","sticky":false,"template":"","format":"standard","meta":{"_uag_custom_page_level_css":"","_mi_skip_tracking":false,"footnotes":""},"categories":[40,914,7],"tags":[282,577,29,669,497],"class_list":["post-9357","post","type-post","status-publish","format-standard","has-post-thumbnail","hentry","category-esportes","category-mormaii","category-novidades","tag-home","tag-ironman","tag-mormaii","tag-taynara-bonetti","tag-triathlon"],"acf":[],"uagb_featured_image_src":{"full":["https:\/\/www.mormaii.com.br\/site\/wp-content\/uploads\/2018\/05\/Taynara-Bonetti-3.jpg",700,400,false],"thumbnail":["https:\/\/www.mormaii.com.br\/site\/wp-content\/uploads\/2018\/05\/Taynara-Bonetti-3-150x150.jpg",150,150,true],"medium":["https:\/\/www.mormaii.com.br\/site\/wp-content\/uploads\/2018\/05\/Taynara-Bonetti-3-300x171.jpg",300,171,true],"medium_large":["https:\/\/www.mormaii.com.br\/site\/wp-content\/uploads\/2018\/05\/Taynara-Bonetti-3.jpg",700,400,false],"large":["https:\/\/www.mormaii.com.br\/site\/wp-content\/uploads\/2018\/05\/Taynara-Bonetti-3.jpg",700,400,false],"1536x1536":["https:\/\/www.mormaii.com.br\/site\/wp-content\/uploads\/2018\/05\/Taynara-Bonetti-3.jpg",700,400,false],"2048x2048":["https:\/\/www.mormaii.com.br\/site\/wp-content\/uploads\/2018\/05\/Taynara-Bonetti-3.jpg",700,400,false],"qi_addons_for_elementor_image_size_square":["https:\/\/www.mormaii.com.br\/site\/wp-content\/uploads\/2018\/05\/Taynara-Bonetti-3.jpg",650,371,false],"qi_addons_for_elementor_image_size_landscape":["https:\/\/www.mormaii.com.br\/site\/wp-content\/uploads\/2018\/05\/Taynara-Bonetti-3.jpg",700,400,false],"qi_addons_for_elementor_image_size_portrait":["https:\/\/www.mormaii.com.br\/site\/wp-content\/uploads\/2018\/05\/Taynara-Bonetti-3.jpg",650,371,false],"qi_addons_for_elementor_image_size_huge-square":["https:\/\/www.mormaii.com.br\/site\/wp-content\/uploads\/2018\/05\/Taynara-Bonetti-3.jpg",700,400,false]},"uagb_author_info":{"display_name":"Tissot","author_link":"https:\/\/www.mormaii.com.br\/site\/author\/fabiano\/"},"uagb_comment_info":0,"uagb_excerpt":"Taynara Bonetti \u201cTudo \u00e9 poss\u00edvel, desde que a gente acredite de verdade, trabalhe duro e corra atr\u00e1s. A for\u00e7a do pensamento \u00e9 real\u201d. Este \u00e9 o mantra que a triatleta catarinense de 21 anos Taynara Bonetti mentaliza diariamente para buscar seus objetivos em cada competi\u00e7\u00e3o. No \u00faltimo dia 22 de abril, a esportista suou para&hellip;","_links":{"self":[{"href":"https:\/\/www.mormaii.com.br\/site\/wp-json\/wp\/v2\/posts\/9357"}],"collection":[{"href":"https:\/\/www.mormaii.com.br\/site\/wp-json\/wp\/v2\/posts"}],"about":[{"href":"https:\/\/www.mormaii.com.br\/site\/wp-json\/wp\/v2\/types\/post"}],"author":[{"embeddable":true,"href":"https:\/\/www.mormaii.com.br\/site\/wp-json\/wp\/v2\/users\/5"}],"replies":[{"embeddable":true,"href":"https:\/\/www.mormaii.com.br\/site\/wp-json\/wp\/v2\/comments?post=9357"}],"version-history":[{"count":3,"href":"https:\/\/www.mormaii.com.br\/site\/wp-json\/wp\/v2\/posts\/9357\/revisions"}],"predecessor-version":[{"id":9367,"href":"https:\/\/www.mormaii.com.br\/site\/wp-json\/wp\/v2\/posts\/9357\/revisions\/9367"}],"wp:featuredmedia":[{"embeddable":true,"href":"https:\/\/www.mormaii.com.br\/site\/wp-json\/wp\/v2\/media\/9359"}],"wp:attachment":[{"href":"https:\/\/www.mormaii.com.br\/site\/wp-json\/wp\/v2\/media?parent=9357"}],"wp:term":[{"taxonomy":"category","embeddable":true,"href":"https:\/\/www.mormaii.com.br\/site\/wp-json\/wp\/v2\/categories?post=9357"},{"taxonomy":"post_tag","embeddable":true,"href":"https:\/\/www.mormaii.com.br\/site\/wp-json\/wp\/v2\/tags?post=9357"}],"curies":[{"name":"wp","href":"https:\/\/api.w.org\/{rel}","templated":true}]}}