{"id":944,"date":"2016-04-04T13:33:38","date_gmt":"2016-04-04T13:33:38","guid":{"rendered":"http:\/\/www.mormaii.com.br\/site\/?p=944"},"modified":"2022-06-10T10:51:11","modified_gmt":"2022-06-10T13:51:11","slug":"noticiasallan-do-carmo-e-tetra-campeao-brasileiro","status":"publish","type":"post","link":"https:\/\/www.mormaii.com.br\/site\/noticiasallan-do-carmo-e-tetra-campeao-brasileiro\/","title":{"rendered":"Allan do Carmo \u00e9 tetra campe\u00e3o brasileiro"},"content":{"rendered":"<p><\/p>\n<div id=\"attachment_52770\" class=\"wp-caption aligncenter\"><img loading=\"lazy\" decoding=\"async\" data-fr-image-pasted=\"true\" class=\"size-full wp-image-52770 fr-fin\" title=\"Super campe\u00e3o | Foto: Satiro Sodr\u00e9\/SSPress\" src=\"http:\/\/images.mormaii.com.br\/wp-content\/uploads\/allan-sspress-mormaii.jpg\" alt=\"Super campe\u00e3o | Foto: Satiro Sodr\u00e9\/SSPress\" width=\"600\" height=\"400\"><\/p>\n<p class=\"wp-caption-text\">&nbsp; &nbsp; &nbsp; &nbsp; &nbsp; &nbsp; &nbsp; &nbsp; &nbsp; &nbsp;Super campe\u00e3o | Foto: Satiro Sodr\u00e9\/SSPress<\/p>\n<\/div>\n<p><a href=\"http:\/\/www.mormaii.com.br\/tag\/allan-do-carmo\/?lang=pt\" target=\"_blank\" rel=\"noopener\">Allan do Carmo<\/a>&nbsp;\u00e9 um dos grandes respons\u00e1veis pela nata\u00e7\u00e3o brasileira estar entre as principais pot\u00eancias internacionais de \u00e1guas abertas.<\/p>\n<p>Hiperativo quando crian\u00e7a, o atual Campe\u00e3o Mundial de Maratonas Aqu\u00e1ticas foi colocado na nata\u00e7\u00e3o aos sete anos de idade.<\/p>\n<p>Em Salvador, as competi\u00e7\u00f5es no mar s\u00e3o tradicionais e o jovem atleta se destacou rapidamente nas travessias.<\/p>\n<p>O tempo passou, at\u00e9 que em 2014 o nadador conseguiu um feito hist\u00f3rico ao trazer para o Brasil o in\u00e9dito t\u00edtulo da Copa do Mundo de Maratonas Aqu\u00e1ticas, com um total de cinco medalhas ao longo do circuito: duas de ouro, duas pratas e uma de bronze.<\/p>\n<p>Para fechar o ano com chave de ouro, Allan teve um desempenho espetacular durante o Circuito Brasileiro de Maratonas Aqu\u00e1ticas.<\/p>\n<p>Nessa quinta-feira (13\/11), venceu a 5\u00aa etapa seguida em 2014, uma prova de 7,5km, realizada na praia da Base Naval de Aratu, em Inema (BA), com o tempo de 1h38min07seg.<\/p>\n<p>O triunfo lhe garantiu mais um t\u00edtulo nacional, o quarto da modalidade na carreira.<\/p>\n<p>Depois de sagrar-se campe\u00e3o sul-americano e mundial em 2014, o novo trof\u00e9u foi a cereja do bolo para um ano 100% vitorioso.<\/p>\n<p>Allan volta a competir dia 07 de dezembro, quando disputar\u00e1 a seletiva para o Mundial de Desportos Aqu\u00e1ticos de 2015, em Kazan, na R\u00fassia.<\/p>\n","protected":false},"excerpt":{"rendered":"<p>&nbsp; &nbsp; &nbsp; &nbsp; &nbsp; &nbsp; &nbsp; &nbsp; &nbsp; &nbsp;Super campe\u00e3o | Foto: Satiro Sodr\u00e9\/SSPress Allan do Carmo&nbsp;\u00e9 um dos grandes respons\u00e1veis pela nata\u00e7\u00e3o brasileira estar entre as principais pot\u00eancias internacionais de \u00e1guas abertas. Hiperativo quando crian\u00e7a, o atual Campe\u00e3o Mundial de Maratonas Aqu\u00e1ticas foi colocado na nata\u00e7\u00e3o aos sete anos de idade. Em Salvador, [&hellip;]<\/p>\n","protected":false},"author":3,"featured_media":945,"comment_status":"open","ping_status":"open","sticky":false,"template":"","format":"standard","meta":{"_uag_custom_page_level_css":"","_mi_skip_tracking":false,"footnotes":""},"categories":[914,7],"tags":[],"class_list":["post-944","post","type-post","status-publish","format-standard","has-post-thumbnail","hentry","category-mormaii","category-novidades"],"acf":[],"uagb_featured_image_src":{"full":["https:\/\/www.mormaii.com.br\/site\/wp-content\/uploads\/2017\/06\/4b46c1fd002b36e22520.jpg",1600,959,false],"thumbnail":["https:\/\/www.mormaii.com.br\/site\/wp-content\/uploads\/2017\/06\/4b46c1fd002b36e22520-150x150.jpg",150,150,true],"medium":["https:\/\/www.mormaii.com.br\/site\/wp-content\/uploads\/2017\/06\/4b46c1fd002b36e22520-300x180.jpg",300,180,true],"medium_large":["https:\/\/www.mormaii.com.br\/site\/wp-content\/uploads\/2017\/06\/4b46c1fd002b36e22520-768x460.jpg",768,460,true],"large":["https:\/\/www.mormaii.com.br\/site\/wp-content\/uploads\/2017\/06\/4b46c1fd002b36e22520-1024x614.jpg",1024,614,true],"1536x1536":["https:\/\/www.mormaii.com.br\/site\/wp-content\/uploads\/2017\/06\/4b46c1fd002b36e22520.jpg",1536,921,false],"2048x2048":["https:\/\/www.mormaii.com.br\/site\/wp-content\/uploads\/2017\/06\/4b46c1fd002b36e22520.jpg",1600,959,false],"qi_addons_for_elementor_image_size_square":["https:\/\/www.mormaii.com.br\/site\/wp-content\/uploads\/2017\/06\/4b46c1fd002b36e22520.jpg",650,390,false],"qi_addons_for_elementor_image_size_landscape":["https:\/\/www.mormaii.com.br\/site\/wp-content\/uploads\/2017\/06\/4b46c1fd002b36e22520.jpg",1084,650,false],"qi_addons_for_elementor_image_size_portrait":["https:\/\/www.mormaii.com.br\/site\/wp-content\/uploads\/2017\/06\/4b46c1fd002b36e22520.jpg",650,390,false],"qi_addons_for_elementor_image_size_huge-square":["https:\/\/www.mormaii.com.br\/site\/wp-content\/uploads\/2017\/06\/4b46c1fd002b36e22520.jpg",1300,779,false]},"uagb_author_info":{"display_name":"mormaii_importer","author_link":"https:\/\/www.mormaii.com.br\/site\/author\/mormaii_importer\/"},"uagb_comment_info":0,"uagb_excerpt":"&nbsp; &nbsp; &nbsp; &nbsp; &nbsp; &nbsp; &nbsp; &nbsp; &nbsp; &nbsp;Super campe\u00e3o | Foto: Satiro Sodr\u00e9\/SSPress Allan do Carmo&nbsp;\u00e9 um dos grandes respons\u00e1veis pela nata\u00e7\u00e3o brasileira estar entre as principais pot\u00eancias internacionais de \u00e1guas abertas. Hiperativo quando crian\u00e7a, o atual Campe\u00e3o Mundial de Maratonas Aqu\u00e1ticas foi colocado na nata\u00e7\u00e3o aos sete anos de idade. Em Salvador,&hellip;","_links":{"self":[{"href":"https:\/\/www.mormaii.com.br\/site\/wp-json\/wp\/v2\/posts\/944"}],"collection":[{"href":"https:\/\/www.mormaii.com.br\/site\/wp-json\/wp\/v2\/posts"}],"about":[{"href":"https:\/\/www.mormaii.com.br\/site\/wp-json\/wp\/v2\/types\/post"}],"author":[{"embeddable":true,"href":"https:\/\/www.mormaii.com.br\/site\/wp-json\/wp\/v2\/users\/3"}],"replies":[{"embeddable":true,"href":"https:\/\/www.mormaii.com.br\/site\/wp-json\/wp\/v2\/comments?post=944"}],"version-history":[{"count":1,"href":"https:\/\/www.mormaii.com.br\/site\/wp-json\/wp\/v2\/posts\/944\/revisions"}],"predecessor-version":[{"id":58292,"href":"https:\/\/www.mormaii.com.br\/site\/wp-json\/wp\/v2\/posts\/944\/revisions\/58292"}],"wp:featuredmedia":[{"embeddable":true,"href":"https:\/\/www.mormaii.com.br\/site\/wp-json\/wp\/v2\/media\/945"}],"wp:attachment":[{"href":"https:\/\/www.mormaii.com.br\/site\/wp-json\/wp\/v2\/media?parent=944"}],"wp:term":[{"taxonomy":"category","embeddable":true,"href":"https:\/\/www.mormaii.com.br\/site\/wp-json\/wp\/v2\/categories?post=944"},{"taxonomy":"post_tag","embeddable":true,"href":"https:\/\/www.mormaii.com.br\/site\/wp-json\/wp\/v2\/tags?post=944"}],"curies":[{"name":"wp","href":"https:\/\/api.w.org\/{rel}","templated":true}]}}