{"id":9449,"date":"2018-05-13T23:53:33","date_gmt":"2018-05-14T02:53:33","guid":{"rendered":"https:\/\/www.mormaii.com.br\/site\/?p=9449"},"modified":"2022-06-10T10:24:31","modified_gmt":"2022-06-10T13:24:31","slug":"mike-ian-wct-em-saquarema","status":"publish","type":"post","link":"https:\/\/www.mormaii.com.br\/site\/mike-ian-wct-em-saquarema\/","title":{"rendered":"Mike e Ian quebrando no WCT em Saquarema"},"content":{"rendered":"<div id=\"attachment_9450\" style=\"width: 1034px\" class=\"wp-caption alignnone\"><img loading=\"lazy\" decoding=\"async\" aria-describedby=\"caption-attachment-9450\" class=\"wp-image-9450 size-full\" title=\"wct em Saquarema\" src=\"https:\/\/www.mormaii.com.br\/site\/wp-content\/uploads\/2018\/05\/rodrigues_m9019founderscup18poullenot_mm-1-1024x682.jpg\" alt=\"\" width=\"1024\" height=\"682\" \/><p id=\"caption-attachment-9450\" class=\"wp-caption-text\">Michael Rodrigues no caminho da vit\u00f3ria | Foto: WSL\/Poullenot<\/p><\/div>\n<p>Os brasileiros come\u00e7aram a todo vapor na terceira fase do WCT em Saquarema, etapa do Championship Tour que acontece na Regi\u00e3o dos Lagos (RJ).<\/p>\n<p>Nesta ter\u00e7a, o swell ganhou ainda mais press\u00e3o e algumas ondas ultrapassam os 2,5 metros nas s\u00e9ries.<\/p>\n<p>Depois das vit\u00f3rias de Michael Rodrigues e Tomas Hermes no Round 2, os surfistas voltaram ao outside para o round 3 da etapa.<\/p>\n<p>Apesar de muitas fechadeiras, alguns tubos fizeram a alegria do p\u00fablico e os brasileiros j\u00e1 come\u00e7aram com tudo.<\/p>\n<blockquote class=\"instagram-media\" style=\"background: #FFF; border: 0; border-radius: 3px; box-shadow: 0 0 1px 0 rgba(0,0,0,0.5),0 1px 10px 0 rgba(0,0,0,0.15); margin: 1px; max-width: 658px; padding: 0; width: calc(100% - 2px);\" data-instgrm-permalink=\"https:\/\/www.instagram.com\/p\/BizRTMLBuxh\/\" data-instgrm-version=\"8\">\n<div style=\"padding: 8px;\">\n<div style=\"background: #F8F8F8; line-height: 0; margin-top: 40px; padding: 62.5% 0; text-align: center; width: 100%;\">\n<div style=\"background: url(data:image\/png; base64,ivborw0kggoaaaansuheugaaacwaaaascamaaaapwqozaaaabgdbtueaalgpc\/xhbqaaaafzukdcak7ohokaaaamuexurczmzpf399fx1+bm5mzy9amaaadisurbvdjlvzxbesmgces5\/p8\/t9furvcrmu73jwlzosgsiizurcjo\/ad+eqjjb4hv8bft+idpqocx1wjosbfhh2xssxeiyn3uli\/6mnree07uiwjev8ueowds88ly97kqytlijkktuybbruayvh5wohixmpi5we58ek028czwyuqdlkpg1bkb4nnm+veanfhqn1k4+gpt6ugqcvu2h2ovuif\/gwufyy8owepdyzsa3avcqpvovvzzz2vtnn2wu8qzvjddeto90gsy9mvlqtgysy231mxry6i2ggqjrty0l8fxcxfcbbhwrsyyaaaaaelftksuqmcc); display: block; height: 44px; margin: 0 auto -44px; position: relative; top: -22px; width: 44px;\"><\/div>\n<\/div>\n<p style=\"color: #c9c8cd; font-family: Arial,sans-serif; font-size: 14px; line-height: 17px; margin-bottom: 0; margin-top: 8px; overflow: hidden; padding: 8px 0 7px; text-align: center; text-overflow: ellipsis; white-space: nowrap;\"><a style=\"color: #c9c8cd; font-family: Arial,sans-serif; font-size: 14px; font-style: normal; font-weight: normal; line-height: 17px; text-decoration: none;\" href=\"https:\/\/www.instagram.com\/p\/BizRTMLBuxh\/\" target=\"_blank\" rel=\"noopener\">Uma publica\u00e7\u00e3o compartilhada por Waves (@wavesbr)<\/a> em <time style=\"font-family: Arial,sans-serif; font-size: 14px; line-height: 17px;\" datetime=\"2018-05-15T14:21:12+00:00\">15 de Mai, 2018 \u00e0s 7:21 PDT<\/time><\/p>\n<\/div>\n<\/blockquote>\n<p><script async defer src=\"\/\/www.instagram.com\/embed.js\"><\/script><\/p>\n<h3>Ian Gouveia<\/h3>\n<p>Na primeira bateria da terceira fase, Ian Gouveia fez bonito diante do sul-africano Jordy Smith, vencendo a batalha por 14.26 a 10.90 pontos.<\/p>\n<p>Em sua melhor onda, o pernambucado criado em Florian\u00f3polis pegou um belo tubo de backside e acertou uma batida numa jun\u00e7\u00e3o pesada, arrancando 9.93 dos ju\u00edzes.<\/p>\n<p>A nota foi a maior da competi\u00e7\u00e3o at\u00e9 aqui e coclou Ian sob os holofotes da m\u00eddia e no radar dos outros competidores.<\/p>\n<blockquote class=\"instagram-media\" style=\"background: #FFF; border: 0; border-radius: 3px; box-shadow: 0 0 1px 0 rgba(0,0,0,0.5),0 1px 10px 0 rgba(0,0,0,0.15); margin: 1px; max-width: 658px; padding: 0; width: calc(100% - 2px);\" data-instgrm-permalink=\"https:\/\/www.instagram.com\/p\/BizUbOhBIjn\/\" data-instgrm-version=\"8\">\n<div style=\"padding: 8px;\">\n<div style=\"background: #F8F8F8; line-height: 0; margin-top: 40px; padding: 62.5% 0; text-align: center; width: 100%;\">\n<div style=\"background: url(data:image\/png; base64,ivborw0kggoaaaansuheugaaacwaaaascamaaaapwqozaaaabgdbtueaalgpc\/xhbqaaaafzukdcak7ohokaaaamuexurczmzpf399fx1+bm5mzy9amaaadisurbvdjlvzxbesmgces5\/p8\/t9furvcrmu73jwlzosgsiizurcjo\/ad+eqjjb4hv8bft+idpqocx1wjosbfhh2xssxeiyn3uli\/6mnree07uiwjev8ueowds88ly97kqytlijkktuybbruayvh5wohixmpi5we58ek028czwyuqdlkpg1bkb4nnm+veanfhqn1k4+gpt6ugqcvu2h2ovuif\/gwufyy8owepdyzsa3avcqpvovvzzz2vtnn2wu8qzvjddeto90gsy9mvlqtgysy231mxry6i2ggqjrty0l8fxcxfcbbhwrsyyaaaaaelftksuqmcc); display: block; height: 44px; margin: 0 auto -44px; position: relative; top: -22px; width: 44px;\"><\/div>\n<\/div>\n<p style=\"color: #c9c8cd; font-family: Arial,sans-serif; font-size: 14px; line-height: 17px; margin-bottom: 0; margin-top: 8px; overflow: hidden; padding: 8px 0 7px; text-align: center; text-overflow: ellipsis; white-space: nowrap;\"><a style=\"color: #c9c8cd; font-family: Arial,sans-serif; font-size: 14px; font-style: normal; font-weight: normal; line-height: 17px; text-decoration: none;\" href=\"https:\/\/www.instagram.com\/p\/BizUbOhBIjn\/\" target=\"_blank\" rel=\"noopener\">Uma publica\u00e7\u00e3o compartilhada por Waves (@wavesbr)<\/a> em <time style=\"font-family: Arial,sans-serif; font-size: 14px; line-height: 17px;\" datetime=\"2018-05-15T14:46:02+00:00\">15 de Mai, 2018 \u00e0s 7:46 PDT<\/time><\/p>\n<\/div>\n<\/blockquote>\n<p><script async defer src=\"\/\/www.instagram.com\/embed.js\"><\/script><\/p>\n<h3>Michael Rodrigues<\/h3>\n<p>O cearense Michael Rodrigues levou um sufoco tomando v\u00e1rias s\u00e9ries na cabe\u00e7a em sua bateria na terceira fase do WCT em Saquarema.<\/p>\n<p>Mas manteve a calma e achou boas ondas para mostrar toda a versatilidade do seu surf.<\/p>\n<p>A bateria come\u00e7ou forte, com Michael recebendo nota 7,27 em sua primeira onda e o portugu\u00eas Frederico Morais respondendo com 8,17 em um belo tubo.<\/p>\n<p>S\u00f3 que depois ele n\u00e3o conseguiu surfar nenhuma outra onda boa e o brasileiro ainda somou um 6,43 de um a\u00e9reo para vencer por 13,70 a 11,07 pontos.<\/p>\n<p>\u201cFoi uma manh\u00e3 dif\u00edcil pra mim, fui esmagado por algumas ondas, mas agora me sinto bem melhor e pronto para as pr\u00f3ximas\u201d, disse Michael Rodrigues.<\/p>\n<p>\u201cHoje (ter\u00e7a-feira) aqui est\u00e1 muito parecido com Floripa, com esse tipo de vento e tipo de onda. Essa minha prancha nem \u00e9 muito boa para dar a\u00e9reo, mas trabalhou bem, est\u00e1 boa para tubo, manobras e a\u00e9reo, ent\u00e3o estou feliz por ter escolhido ela e ter dado tudo certo\u201d.<\/p>\n<h3>Terceira fase<\/h3>\n<p>1 Ian Gouveia (BRA) 14.26 x 10.90 Jordy Smith (AFR)<br \/>\n2 Michael Rodrigues (BRA) 13.70 x 11.07 Frederico Morais (POR)<br \/>\n3 Filipe Toledo (BRA) 6.90 x 6.37 Keanu Asing (HAV)<br \/>\n4 Kolohe Andino (EUA) 12.40 x 2.57 Willian Cardoso (BRA)<br \/>\n5 Kanoa Igarashi (JAP) 12.84 x 11.40 Griffin Colapinto (EUA)<br \/>\n6 Julian Wilson (AUS) 9.34 x 8.94 Alejo Muniz (BRA)<br \/>\n7 Gabriel Medina (BRA) 13.10 x 12.64 Mikey Wright (AUS)<br \/>\n8 Sebastian Zietz (HAV) 14.27 x 9.17 Tomas Hermes (BRA)<br \/>\n9 Ezekiel Lau (HAV) 8.33 x 7.44 Adrian Buchan (AUS)<br \/>\n10 Yago Dora (BRA) 10.56 x 9.70 Italo Ferreira (BRA)<br \/>\n11 Wade Carmichael (AUS) 13.30 x 12.67 Jeremy Flores (FRA)<br \/>\n12 John John Florence (HAV) 17.97 x 8.26 Miguel Pupo (BRA)<\/p>\n<h3>Quarta fase<\/h3>\n<p>1 Ian Gouveia (BRA), Michael Rodrigues (BRA) e Filipe Toledo (BRA)<br \/>\n2 Kolohe Andino (EUA), Kanoa Igarashi (JAP) e Julian Wilson (AUS)<br \/>\n3 Gabriel Medina (BRA), Sebastian Zietz (HAV) e Ezekiel Lau (HAV)<br \/>\n4 Yago Dora (BRA), Wade Carmichael (AUS) e John John Florence (HAV)<\/p>\n<h3>Melhores momentos<\/h3>\n<p><iframe loading=\"lazy\" style=\"border: none; overflow: hidden;\" src=\"https:\/\/www.facebook.com\/plugins\/video.php?href=https%3A%2F%2Fwww.facebook.com%2FWSL%2Fvideos%2F10155702848222058%2F&amp;show_text=0&amp;width=700\" width=\"700\" height=\"700\" frameborder=\"0\" scrolling=\"no\" allowfullscreen=\"allowfullscreen\"><\/iframe><\/p>\n<div id=\"attachment_8788\" style=\"width: 951px\" class=\"wp-caption alignnone\"><a href=\"https:\/\/www.mormaiishop.com.br\/wetsuits\/Masculino?PS=12&amp;map=c,specificationFilter_59&amp;O=OrderByReleaseDateDESC\" target=\"_blank\" rel=\"noopener\"><img loading=\"lazy\" decoding=\"async\" aria-describedby=\"caption-attachment-8788\" class=\"wp-image-8788 size-full\" src=\"https:\/\/www.mormaii.com.br\/site\/wp-content\/uploads\/2019\/03\/MORMAIISHOPultraskin_categoria940x300.png\" alt=\"wct michael rodrigues kahunas\" width=\"941\" height=\"300\" srcset=\"https:\/\/www.mormaii.com.br\/site\/wp-content\/uploads\/2019\/03\/MORMAIISHOPultraskin_categoria940x300.png 941w, https:\/\/www.mormaii.com.br\/site\/wp-content\/uploads\/2019\/03\/MORMAIISHOPultraskin_categoria940x300-300x96.png 300w, https:\/\/www.mormaii.com.br\/site\/wp-content\/uploads\/2019\/03\/MORMAIISHOPultraskin_categoria940x300-768x245.png 768w, https:\/\/www.mormaii.com.br\/site\/wp-content\/uploads\/2019\/03\/MORMAIISHOPultraskin_categoria940x300-600x191.png 600w\" sizes=\"(max-width: 941px) 100vw, 941px\" \/><\/a><p id=\"caption-attachment-8788\" class=\"wp-caption-text\">Clique e confira a linha Mormaii Wetsuiits 2018<\/p><\/div>\n","protected":false},"excerpt":{"rendered":"<p>Os brasileiros come\u00e7aram a todo vapor na terceira fase do WCT em Saquarema, etapa do Championship Tour que acontece na Regi\u00e3o dos Lagos (RJ). Nesta ter\u00e7a, o swell ganhou ainda mais press\u00e3o e algumas ondas ultrapassam os 2,5 metros nas s\u00e9ries. Depois das vit\u00f3rias de Michael Rodrigues e Tomas Hermes no Round 2, os surfistas [&hellip;]<\/p>\n","protected":false},"author":5,"featured_media":0,"comment_status":"closed","ping_status":"closed","sticky":false,"template":"","format":"standard","meta":{"_uag_custom_page_level_css":"","_mi_skip_tracking":false,"footnotes":""},"categories":[1,914],"tags":[282,29,678,675,306],"class_list":["post-9449","post","type-post","status-publish","format-standard","hentry","category-historia","category-mormaii","tag-home","tag-mormaii","tag-rio","tag-saquarema","tag-wct"],"acf":[],"uagb_featured_image_src":{"full":false,"thumbnail":false,"medium":false,"medium_large":false,"large":false,"1536x1536":false,"2048x2048":false,"qi_addons_for_elementor_image_size_square":false,"qi_addons_for_elementor_image_size_landscape":false,"qi_addons_for_elementor_image_size_portrait":false,"qi_addons_for_elementor_image_size_huge-square":false},"uagb_author_info":{"display_name":"Tissot","author_link":"https:\/\/www.mormaii.com.br\/site\/author\/fabiano\/"},"uagb_comment_info":0,"uagb_excerpt":"Os brasileiros come\u00e7aram a todo vapor na terceira fase do WCT em Saquarema, etapa do Championship Tour que acontece na Regi\u00e3o dos Lagos (RJ). Nesta ter\u00e7a, o swell ganhou ainda mais press\u00e3o e algumas ondas ultrapassam os 2,5 metros nas s\u00e9ries. Depois das vit\u00f3rias de Michael Rodrigues e Tomas Hermes no Round 2, os surfistas&hellip;","_links":{"self":[{"href":"https:\/\/www.mormaii.com.br\/site\/wp-json\/wp\/v2\/posts\/9449"}],"collection":[{"href":"https:\/\/www.mormaii.com.br\/site\/wp-json\/wp\/v2\/posts"}],"about":[{"href":"https:\/\/www.mormaii.com.br\/site\/wp-json\/wp\/v2\/types\/post"}],"author":[{"embeddable":true,"href":"https:\/\/www.mormaii.com.br\/site\/wp-json\/wp\/v2\/users\/5"}],"replies":[{"embeddable":true,"href":"https:\/\/www.mormaii.com.br\/site\/wp-json\/wp\/v2\/comments?post=9449"}],"version-history":[{"count":3,"href":"https:\/\/www.mormaii.com.br\/site\/wp-json\/wp\/v2\/posts\/9449\/revisions"}],"predecessor-version":[{"id":9453,"href":"https:\/\/www.mormaii.com.br\/site\/wp-json\/wp\/v2\/posts\/9449\/revisions\/9453"}],"wp:attachment":[{"href":"https:\/\/www.mormaii.com.br\/site\/wp-json\/wp\/v2\/media?parent=9449"}],"wp:term":[{"taxonomy":"category","embeddable":true,"href":"https:\/\/www.mormaii.com.br\/site\/wp-json\/wp\/v2\/categories?post=9449"},{"taxonomy":"post_tag","embeddable":true,"href":"https:\/\/www.mormaii.com.br\/site\/wp-json\/wp\/v2\/tags?post=9449"}],"curies":[{"name":"wp","href":"https:\/\/api.w.org\/{rel}","templated":true}]}}