{"id":9557,"date":"2018-05-22T17:44:31","date_gmt":"2018-05-22T20:44:31","guid":{"rendered":"https:\/\/www.mormaii.com.br\/site\/?p=9557"},"modified":"2022-06-10T10:41:12","modified_gmt":"2022-06-10T13:41:12","slug":"cabana-surf","status":"publish","type":"post","link":"https:\/\/www.mormaii.com.br\/site\/cabana-surf\/","title":{"rendered":"Carlos Burle na Loja Cabana Surf"},"content":{"rendered":"<p><img loading=\"lazy\" decoding=\"async\" class=\"alignnone wp-image-7541 size-full\" title=\"cabana surf\" src=\"https:\/\/www.mormaii.com.br\/site\/wp-content\/uploads\/2017\/12\/burle-mormaii-3.jpg\" alt=\"\" width=\"1200\" height=\"800\" srcset=\"https:\/\/www.mormaii.com.br\/site\/wp-content\/uploads\/2017\/12\/burle-mormaii-3.jpg 1200w, https:\/\/www.mormaii.com.br\/site\/wp-content\/uploads\/2017\/12\/burle-mormaii-3-600x400.jpg 600w, https:\/\/www.mormaii.com.br\/site\/wp-content\/uploads\/2017\/12\/burle-mormaii-3-300x200.jpg 300w, https:\/\/www.mormaii.com.br\/site\/wp-content\/uploads\/2017\/12\/burle-mormaii-3-768x512.jpg 768w, https:\/\/www.mormaii.com.br\/site\/wp-content\/uploads\/2017\/12\/burle-mormaii-3-1024x683.jpg 1024w, https:\/\/www.mormaii.com.br\/site\/wp-content\/uploads\/2017\/12\/burle-mormaii-3-1170x780.jpg 1170w\" sizes=\"(max-width: 1200px) 100vw, 1200px\" \/><\/p>\n<h3>Noite de aut\u00f3grafos na Cabana Surf<\/h3>\n<p>Carlos Burle estar\u00e1 na loja Cabana Surf,\u00a0dia 25 de maio, \u00e0s 18h \u00e0s 20h30, na Rua Filog\u00f4nio Mota, 25 &#8211; Jardim Camburi, Vit\u00f3ria (ES).<\/p>\n<p>Ser\u00e1 um evento incr\u00edvel na presen\u00e7a do <a href=\"https:\/\/www.mormaii.com.br\/site\/carlosburle\/\" target=\"_blank\" rel=\"noopener\">bicampe\u00e3o mundial de ondas gigantes.<\/a><\/p>\n<p>Vai ter bate papo com o surfista, sess\u00e3o de aut\u00f3grafos, fotos, e sorteio de um <a href=\"https:\/\/www.mormaiishop.com.br\/short-john-manga-longa-chestzip-20mm-masculino-ultra-skin-1-a-surf-mormaii-su005m20usk1a\/p\" target=\"_blank\" rel=\"noopener\">Short Manga Longa Mormaii Ultraskin<\/a>.<\/p>\n<p>Venha prestigiar esse super atleta e prepare-se para um encontro inesquec\u00edvel. Nos vemos l\u00e1!<\/p>\n<h3>Servi\u00e7o<\/h3>\n<p>Endere\u00e7o: loja Cabana Surf, na Rua Filog\u00f4nio Mota, 25 &#8211; Jardim Camburi, Vit\u00f3ria (ES).<\/p>\n<p>Telefone: <a class=\"fl r-iE1MC9_YhzC4\" title=\"Ligar pelo Hangouts\" href=\"https:\/\/www.google.com.br\/search?q=cabana+surf+classic&amp;oq=cabana+surf+classic&amp;aqs=chrome..69i57.2916j0j7&amp;sourceid=chrome&amp;ie=UTF-8#\" data-number=\"+552730220578\" data-pstn-out-call-url=\"\" data-rtid=\"iE1MC9_YhzC4\" data-ved=\"0ahUKEwj206yXmJrbAhVFhZAKHQBcD5QQkAgIuQEoADAb\">(27) 3022-0578<\/a><\/p>\n<p>Data: Dia 25 de maio, das 18h \u00e0s 20h30.<\/p>\n<div id=\"attachment_9558\" style=\"width: 1910px\" class=\"wp-caption alignnone\"><a href=\"https:\/\/www.mormaiishop.com.br\/\"><img loading=\"lazy\" decoding=\"async\" aria-describedby=\"caption-attachment-9558\" class=\"wp-image-9558 size-full\" src=\"https:\/\/www.mormaii.com.br\/site\/wp-content\/uploads\/2018\/05\/BANNERcabanaSITE1900x650-1.jpg\" alt=\"\" width=\"1900\" height=\"650\" srcset=\"https:\/\/www.mormaii.com.br\/site\/wp-content\/uploads\/2018\/05\/BANNERcabanaSITE1900x650-1.jpg 1900w, https:\/\/www.mormaii.com.br\/site\/wp-content\/uploads\/2018\/05\/BANNERcabanaSITE1900x650-1-300x103.jpg 300w, https:\/\/www.mormaii.com.br\/site\/wp-content\/uploads\/2018\/05\/BANNERcabanaSITE1900x650-1-768x263.jpg 768w, https:\/\/www.mormaii.com.br\/site\/wp-content\/uploads\/2018\/05\/BANNERcabanaSITE1900x650-1-1024x350.jpg 1024w, https:\/\/www.mormaii.com.br\/site\/wp-content\/uploads\/2018\/05\/BANNERcabanaSITE1900x650-1-600x205.jpg 600w\" sizes=\"(max-width: 1900px) 100vw, 1900px\" \/><\/a><p id=\"caption-attachment-9558\" class=\"wp-caption-text\">Clique e confira a linha de wetsuits Mormaii 2018<\/p><\/div>\n","protected":false},"excerpt":{"rendered":"<p>Noite de aut\u00f3grafos na Cabana Surf Carlos Burle estar\u00e1 na loja Cabana Surf,\u00a0dia 25 de maio, \u00e0s 18h \u00e0s 20h30, na Rua Filog\u00f4nio Mota, 25 &#8211; Jardim Camburi, Vit\u00f3ria (ES). Ser\u00e1 um evento incr\u00edvel na presen\u00e7a do bicampe\u00e3o mundial de ondas gigantes. Vai ter bate papo com o surfista, sess\u00e3o de aut\u00f3grafos, fotos, e sorteio [&hellip;]<\/p>\n","protected":false},"author":5,"featured_media":7541,"comment_status":"closed","ping_status":"closed","sticky":false,"template":"","format":"standard","meta":{"_uag_custom_page_level_css":"","_mi_skip_tracking":false,"footnotes":""},"categories":[40,914,7,345],"tags":[680,311,282,29,253],"class_list":["post-9557","post","type-post","status-publish","format-standard","has-post-thumbnail","hentry","category-esportes","category-mormaii","category-novidades","category-surf","tag-cabana-surf","tag-carlos-burle","tag-home","tag-mormaii","tag-surf"],"acf":[],"uagb_featured_image_src":{"full":["https:\/\/www.mormaii.com.br\/site\/wp-content\/uploads\/2017\/12\/burle-mormaii-3.jpg",1200,800,false],"thumbnail":["https:\/\/www.mormaii.com.br\/site\/wp-content\/uploads\/2017\/12\/burle-mormaii-3-150x150.jpg",150,150,true],"medium":["https:\/\/www.mormaii.com.br\/site\/wp-content\/uploads\/2017\/12\/burle-mormaii-3-300x200.jpg",300,200,true],"medium_large":["https:\/\/www.mormaii.com.br\/site\/wp-content\/uploads\/2017\/12\/burle-mormaii-3-768x512.jpg",768,512,true],"large":["https:\/\/www.mormaii.com.br\/site\/wp-content\/uploads\/2017\/12\/burle-mormaii-3-1024x683.jpg",1024,683,true],"1536x1536":["https:\/\/www.mormaii.com.br\/site\/wp-content\/uploads\/2017\/12\/burle-mormaii-3.jpg",1200,800,false],"2048x2048":["https:\/\/www.mormaii.com.br\/site\/wp-content\/uploads\/2017\/12\/burle-mormaii-3.jpg",1200,800,false],"qi_addons_for_elementor_image_size_square":["https:\/\/www.mormaii.com.br\/site\/wp-content\/uploads\/2017\/12\/burle-mormaii-3.jpg",650,433,false],"qi_addons_for_elementor_image_size_landscape":["https:\/\/www.mormaii.com.br\/site\/wp-content\/uploads\/2017\/12\/burle-mormaii-3.jpg",975,650,false],"qi_addons_for_elementor_image_size_portrait":["https:\/\/www.mormaii.com.br\/site\/wp-content\/uploads\/2017\/12\/burle-mormaii-3.jpg",650,433,false],"qi_addons_for_elementor_image_size_huge-square":["https:\/\/www.mormaii.com.br\/site\/wp-content\/uploads\/2017\/12\/burle-mormaii-3.jpg",1200,800,false]},"uagb_author_info":{"display_name":"Tissot","author_link":"https:\/\/www.mormaii.com.br\/site\/author\/fabiano\/"},"uagb_comment_info":0,"uagb_excerpt":"Noite de aut\u00f3grafos na Cabana Surf Carlos Burle estar\u00e1 na loja Cabana Surf,\u00a0dia 25 de maio, \u00e0s 18h \u00e0s 20h30, na Rua Filog\u00f4nio Mota, 25 &#8211; Jardim Camburi, Vit\u00f3ria (ES). Ser\u00e1 um evento incr\u00edvel na presen\u00e7a do bicampe\u00e3o mundial de ondas gigantes. Vai ter bate papo com o surfista, sess\u00e3o de aut\u00f3grafos, fotos, e sorteio&hellip;","_links":{"self":[{"href":"https:\/\/www.mormaii.com.br\/site\/wp-json\/wp\/v2\/posts\/9557"}],"collection":[{"href":"https:\/\/www.mormaii.com.br\/site\/wp-json\/wp\/v2\/posts"}],"about":[{"href":"https:\/\/www.mormaii.com.br\/site\/wp-json\/wp\/v2\/types\/post"}],"author":[{"embeddable":true,"href":"https:\/\/www.mormaii.com.br\/site\/wp-json\/wp\/v2\/users\/5"}],"replies":[{"embeddable":true,"href":"https:\/\/www.mormaii.com.br\/site\/wp-json\/wp\/v2\/comments?post=9557"}],"version-history":[{"count":6,"href":"https:\/\/www.mormaii.com.br\/site\/wp-json\/wp\/v2\/posts\/9557\/revisions"}],"predecessor-version":[{"id":9564,"href":"https:\/\/www.mormaii.com.br\/site\/wp-json\/wp\/v2\/posts\/9557\/revisions\/9564"}],"wp:featuredmedia":[{"embeddable":true,"href":"https:\/\/www.mormaii.com.br\/site\/wp-json\/wp\/v2\/media\/7541"}],"wp:attachment":[{"href":"https:\/\/www.mormaii.com.br\/site\/wp-json\/wp\/v2\/media?parent=9557"}],"wp:term":[{"taxonomy":"category","embeddable":true,"href":"https:\/\/www.mormaii.com.br\/site\/wp-json\/wp\/v2\/categories?post=9557"},{"taxonomy":"post_tag","embeddable":true,"href":"https:\/\/www.mormaii.com.br\/site\/wp-json\/wp\/v2\/tags?post=9557"}],"curies":[{"name":"wp","href":"https:\/\/api.w.org\/{rel}","templated":true}]}}