{"id":9872,"date":"2018-07-11T00:40:38","date_gmt":"2018-07-11T03:40:38","guid":{"rendered":"https:\/\/www.mormaii.com.br\/site\/?p=9872"},"modified":"2022-06-10T10:01:59","modified_gmt":"2022-06-10T13:01:59","slug":"meia-maratona-de-blumenau","status":"publish","type":"post","link":"https:\/\/www.mormaii.com.br\/site\/meia-maratona-de-blumenau\/","title":{"rendered":"Vem a\u00ed a Meia Maratona de Blumenau"},"content":{"rendered":"<h3><img loading=\"lazy\" decoding=\"async\" class=\"alignnone wp-image-9874 size-full\" src=\"https:\/\/www.mormaii.com.br\/site\/wp-content\/uploads\/2019\/06\/meia-maratona-blumenau.jpg\" alt=\"Meia Maratona de Blumenau\" width=\"700\" height=\"394\" srcset=\"https:\/\/www.mormaii.com.br\/site\/wp-content\/uploads\/2019\/06\/meia-maratona-blumenau.jpg 700w, https:\/\/www.mormaii.com.br\/site\/wp-content\/uploads\/2019\/06\/meia-maratona-blumenau-300x169.jpg 300w, https:\/\/www.mormaii.com.br\/site\/wp-content\/uploads\/2019\/06\/meia-maratona-blumenau-600x338.jpg 600w\" sizes=\"(max-width: 700px) 100vw, 700px\" \/>Meia Maratona de Blumenau<\/h3>\n<p>A Meia Maratona de Blumenau, marcada para o dia 15 de julho, aguarda em torno de dois mil corredores para superar os 21 quil\u00f4metros, individuais ou em duplas.<\/p>\n<p>Para quem pretende ir mais devagar, tamb\u00e9m existe a op\u00e7\u00e3o de correr por cinco quil\u00f4metros.<\/p>\n<p>As inscri\u00e7\u00f5es v\u00e3o at\u00e9 6 de julho, acompanhadas da doa\u00e7\u00e3o de\u00a0um quilo de alimento n\u00e3o perec\u00edvel.<\/p>\n<p>Os donativos ser\u00e3o destinados \u00e0 Associa\u00e7\u00e3o Educa\u00e7\u00e3o Complementar Puro Amor, de Blumenau.<\/p>\n<h3>Percursos<\/h3>\n<p>O evento ter\u00e1 op\u00e7\u00f5es de trajetos de 21k solo ou em dupla e 5k.<\/p>\n<p>A chegada e toda concentra\u00e7\u00e3o da prova acontece dentro do Pavilh\u00e3o 3 da Vila Germ\u00e2nica.<\/p>\n<p>A largada ser\u00e1 realizada no P\u00f3rtico Tur\u00edstico, ao lado do complexo, \u00e0s 7h para atletas dos 21k e \u00e0s 7h15min para os participantes dos 5k.<\/p>\n<h3>Inscri\u00e7\u00f5es<\/h3>\n<p><a href=\"http:\/\/inscricoes.focoradical.com.br\/prova\/1095-meia-maratona-de-blumenau-2018\" target=\"_blank\" rel=\"noopener\">Clique aqui e inscreva-se<\/a>, mas corra pois as inscri\u00e7\u00f5es v\u00e3o s\u00f3 ate o dia 06 de julho.<\/p>\n<h3>Servi\u00e7o<\/h3>\n<h4>Percursos<\/h4>\n<p>21km solo e dupla | 5km<\/p>\n<h4>Data e Hor\u00e1rios<\/h4>\n<p>Dia 15 de julho de 2018<\/p>\n<p>7h &#8211; 21km solo e dupla<\/p>\n<p>7h15 &#8211; 5km<\/p>\n<h4>Local<\/h4>\n<p>Largada no P\u00f3rtico Lateral do Parque Vila Germ\u00e2nica.<\/p>\n<p>Chegada dentro do Parque Vila Germ\u00e2nica (Rua Alberto Stein, 199) &#8212;\u00a0Bairro Velha &#8211; Blumenau\/SC.<\/p>\n<h5>Assista ao v\u00eddeo do \u00faltimo evento e entre no clima<\/h5>\n<p><iframe loading=\"lazy\" src=\"https:\/\/www.youtube.com\/embed\/YYBjUl0V0Ns\" width=\"700\" height=\"400\" frameborder=\"0\" allowfullscreen=\"allowfullscreen\"><span data-mce-type=\"bookmark\" style=\"display: inline-block; width: 0px; overflow: hidden; line-height: 0;\" class=\"mce_SELRES_start\">\ufeff<\/span><\/iframe><\/p>\n<div id=\"attachment_9877\" style=\"width: 1930px\" class=\"wp-caption alignnone\"><a href=\"http:\/\/inscricoes.focoradical.com.br\/prova\/1095-meia-maratona-de-blumenau-2018\"><img loading=\"lazy\" decoding=\"async\" aria-describedby=\"caption-attachment-9877\" class=\"size-full wp-image-9877\" src=\"https:\/\/www.mormaii.com.br\/site\/wp-content\/uploads\/2019\/06\/BANNER_MEIAblumenau_BANNERtopoOFICIALinscrevase.png\" alt=\"\" width=\"1920\" height=\"583\" srcset=\"https:\/\/www.mormaii.com.br\/site\/wp-content\/uploads\/2019\/06\/BANNER_MEIAblumenau_BANNERtopoOFICIALinscrevase.png 1920w, https:\/\/www.mormaii.com.br\/site\/wp-content\/uploads\/2019\/06\/BANNER_MEIAblumenau_BANNERtopoOFICIALinscrevase-300x91.png 300w, https:\/\/www.mormaii.com.br\/site\/wp-content\/uploads\/2019\/06\/BANNER_MEIAblumenau_BANNERtopoOFICIALinscrevase-768x233.png 768w, https:\/\/www.mormaii.com.br\/site\/wp-content\/uploads\/2019\/06\/BANNER_MEIAblumenau_BANNERtopoOFICIALinscrevase-1024x311.png 1024w, https:\/\/www.mormaii.com.br\/site\/wp-content\/uploads\/2019\/06\/BANNER_MEIAblumenau_BANNERtopoOFICIALinscrevase-600x182.png 600w\" sizes=\"(max-width: 1920px) 100vw, 1920px\" \/><\/a><p id=\"caption-attachment-9877\" class=\"wp-caption-text\">Clique aqui e inscreva-se<\/p><\/div>\n","protected":false},"excerpt":{"rendered":"<p>Meia Maratona de Blumenau A Meia Maratona de Blumenau, marcada para o dia 15 de julho, aguarda em torno de dois mil corredores para superar os 21 quil\u00f4metros, individuais ou em duplas. Para quem pretende ir mais devagar, tamb\u00e9m existe a op\u00e7\u00e3o de correr por cinco quil\u00f4metros. As inscri\u00e7\u00f5es v\u00e3o at\u00e9 6 de julho, acompanhadas [&hellip;]<\/p>\n","protected":false},"author":5,"featured_media":9874,"comment_status":"closed","ping_status":"closed","sticky":false,"template":"","format":"standard","meta":{"_uag_custom_page_level_css":"","_mi_skip_tracking":false,"footnotes":""},"categories":[40,914,7],"tags":[424,282,699,29],"class_list":["post-9872","post","type-post","status-publish","format-standard","has-post-thumbnail","hentry","category-esportes","category-mormaii","category-novidades","tag-corrida","tag-home","tag-meia-maratona-de-blumenau","tag-mormaii"],"acf":[],"uagb_featured_image_src":{"full":["https:\/\/www.mormaii.com.br\/site\/wp-content\/uploads\/2019\/06\/meia-maratona-blumenau.jpg",700,394,false],"thumbnail":["https:\/\/www.mormaii.com.br\/site\/wp-content\/uploads\/2019\/06\/meia-maratona-blumenau-150x150.jpg",150,150,true],"medium":["https:\/\/www.mormaii.com.br\/site\/wp-content\/uploads\/2019\/06\/meia-maratona-blumenau-300x169.jpg",300,169,true],"medium_large":["https:\/\/www.mormaii.com.br\/site\/wp-content\/uploads\/2019\/06\/meia-maratona-blumenau.jpg",700,394,false],"large":["https:\/\/www.mormaii.com.br\/site\/wp-content\/uploads\/2019\/06\/meia-maratona-blumenau.jpg",700,394,false],"1536x1536":["https:\/\/www.mormaii.com.br\/site\/wp-content\/uploads\/2019\/06\/meia-maratona-blumenau.jpg",700,394,false],"2048x2048":["https:\/\/www.mormaii.com.br\/site\/wp-content\/uploads\/2019\/06\/meia-maratona-blumenau.jpg",700,394,false],"qi_addons_for_elementor_image_size_square":["https:\/\/www.mormaii.com.br\/site\/wp-content\/uploads\/2019\/06\/meia-maratona-blumenau.jpg",650,366,false],"qi_addons_for_elementor_image_size_landscape":["https:\/\/www.mormaii.com.br\/site\/wp-content\/uploads\/2019\/06\/meia-maratona-blumenau.jpg",700,394,false],"qi_addons_for_elementor_image_size_portrait":["https:\/\/www.mormaii.com.br\/site\/wp-content\/uploads\/2019\/06\/meia-maratona-blumenau.jpg",650,366,false],"qi_addons_for_elementor_image_size_huge-square":["https:\/\/www.mormaii.com.br\/site\/wp-content\/uploads\/2019\/06\/meia-maratona-blumenau.jpg",700,394,false]},"uagb_author_info":{"display_name":"Tissot","author_link":"https:\/\/www.mormaii.com.br\/site\/author\/fabiano\/"},"uagb_comment_info":0,"uagb_excerpt":"Meia Maratona de Blumenau A Meia Maratona de Blumenau, marcada para o dia 15 de julho, aguarda em torno de dois mil corredores para superar os 21 quil\u00f4metros, individuais ou em duplas. Para quem pretende ir mais devagar, tamb\u00e9m existe a op\u00e7\u00e3o de correr por cinco quil\u00f4metros. As inscri\u00e7\u00f5es v\u00e3o at\u00e9 6 de julho, acompanhadas&hellip;","_links":{"self":[{"href":"https:\/\/www.mormaii.com.br\/site\/wp-json\/wp\/v2\/posts\/9872"}],"collection":[{"href":"https:\/\/www.mormaii.com.br\/site\/wp-json\/wp\/v2\/posts"}],"about":[{"href":"https:\/\/www.mormaii.com.br\/site\/wp-json\/wp\/v2\/types\/post"}],"author":[{"embeddable":true,"href":"https:\/\/www.mormaii.com.br\/site\/wp-json\/wp\/v2\/users\/5"}],"replies":[{"embeddable":true,"href":"https:\/\/www.mormaii.com.br\/site\/wp-json\/wp\/v2\/comments?post=9872"}],"version-history":[{"count":4,"href":"https:\/\/www.mormaii.com.br\/site\/wp-json\/wp\/v2\/posts\/9872\/revisions"}],"predecessor-version":[{"id":9875,"href":"https:\/\/www.mormaii.com.br\/site\/wp-json\/wp\/v2\/posts\/9872\/revisions\/9875"}],"wp:featuredmedia":[{"embeddable":true,"href":"https:\/\/www.mormaii.com.br\/site\/wp-json\/wp\/v2\/media\/9874"}],"wp:attachment":[{"href":"https:\/\/www.mormaii.com.br\/site\/wp-json\/wp\/v2\/media?parent=9872"}],"wp:term":[{"taxonomy":"category","embeddable":true,"href":"https:\/\/www.mormaii.com.br\/site\/wp-json\/wp\/v2\/categories?post=9872"},{"taxonomy":"post_tag","embeddable":true,"href":"https:\/\/www.mormaii.com.br\/site\/wp-json\/wp\/v2\/tags?post=9872"}],"curies":[{"name":"wp","href":"https:\/\/api.w.org\/{rel}","templated":true}]}}