{"id":9928,"date":"2018-06-25T11:38:24","date_gmt":"2018-06-25T14:38:24","guid":{"rendered":"https:\/\/www.mormaii.com.br\/site\/?p=9928"},"modified":"2022-06-10T10:35:54","modified_gmt":"2022-06-10T13:35:54","slug":"equipe-mormaii-ballito-pro","status":"publish","type":"post","link":"https:\/\/www.mormaii.com.br\/site\/equipe-mormaii-ballito-pro\/","title":{"rendered":"Equipe Mormaii no Ballito Pro"},"content":{"rendered":"<div id=\"attachment_9932\" style=\"width: 1210px\" class=\"wp-caption alignnone\"><img loading=\"lazy\" decoding=\"async\" aria-describedby=\"caption-attachment-9932\" class=\"size-full wp-image-9932\" src=\"https:\/\/www.mormaii.com.br\/site\/wp-content\/uploads\/2019\/06\/michael-rodrigues-ballito-pro.jpg\" alt=\"ballito pro\" width=\"1200\" height=\"801\" \/><p id=\"caption-attachment-9932\" class=\"wp-caption-text\">Michael Rodrigues | Foto: WSL\/Poullenot<\/p><\/div>\n<h3>Ballito Pro<\/h3>\n<p>Primeiro QS 10.000 do ano, o Ballito Pro come\u00e7ou nesta segunda-feira (25\/06) em Ballito, \u00c1frica do Sul, pico localizado a 45 minutos ao norte de Durban.<\/p>\n<p>Os principais nomes do Circuito Mundial est\u00e3o presentes na surf city sul-africana e uma vit\u00f3ria pode representar um enorme passo para a elite mundial do ano que vem.<\/p>\n<p>O sul-africano Jordy Smith \u00e9 quem defende o t\u00edtulo do evento.<\/p>\n<div id=\"attachment_9935\" style=\"width: 1210px\" class=\"wp-caption alignnone\"><img loading=\"lazy\" decoding=\"async\" aria-describedby=\"caption-attachment-9935\" class=\"wp-image-9935 size-full\" src=\"https:\/\/www.mormaii.com.br\/site\/wp-content\/uploads\/2019\/06\/mateus-herdy-ethan-smith-ballito-pro-mormaii.jpg\" alt=\"ballito pro\" width=\"1200\" height=\"801\" srcset=\"https:\/\/www.mormaii.com.br\/site\/wp-content\/uploads\/2019\/06\/mateus-herdy-ethan-smith-ballito-pro-mormaii.jpg 1200w, https:\/\/www.mormaii.com.br\/site\/wp-content\/uploads\/2019\/06\/mateus-herdy-ethan-smith-ballito-pro-mormaii-300x200.jpg 300w, https:\/\/www.mormaii.com.br\/site\/wp-content\/uploads\/2019\/06\/mateus-herdy-ethan-smith-ballito-pro-mormaii-768x513.jpg 768w, https:\/\/www.mormaii.com.br\/site\/wp-content\/uploads\/2019\/06\/mateus-herdy-ethan-smith-ballito-pro-mormaii-1024x684.jpg 1024w, https:\/\/www.mormaii.com.br\/site\/wp-content\/uploads\/2019\/06\/mateus-herdy-ethan-smith-ballito-pro-mormaii-1170x780.jpg 1170w, https:\/\/www.mormaii.com.br\/site\/wp-content\/uploads\/2019\/06\/mateus-herdy-ethan-smith-ballito-pro-mormaii-600x401.jpg 600w\" sizes=\"(max-width: 1200px) 100vw, 1200px\" \/><p id=\"caption-attachment-9935\" class=\"wp-caption-text\">Mateus Herdy | Foto: WSL\/Ethan Smith<\/p><\/div>\n<h3>Equipe Mormaii<\/h3>\n<p>Os atletas da equipe Mormaii, Ian Gouveia e Michael Rodrigues participam do Ballito Pro e j\u00e1 est\u00e3o escalados no segundo round.<\/p>\n<p>O evento tem at\u00e9 este domingo (1\/7) para ser finalizado.<\/p>\n<p>No \u00faltimo final de semana, a nova gera\u00e7\u00e3o brasileira j\u00e1 deu as cartas no pico, fazendo bonito no Junior Pro Series, com Mateus Herdy sendo o terceiro colocado.<\/p>\n<p>O jovem surfista j\u00e1 estreou no Ballito Pro e garantiu um importante vit\u00f3tia no Round 1.<\/p>\n<p>Com um total de 14.93 pontos, parciais de 8.00 e 6.93 o catarinense est\u00e1 classificado para o Round 2.<\/p>\n<p>Fique ligado no site da Mormaii para mais novidades e conte\u00fados sobre a prova.<\/p>\n<div id=\"attachment_8788\" style=\"width: 951px\" class=\"wp-caption alignnone\"><a href=\"https:\/\/www.mormaiishop.com.br\/wetsuits\/Masculino?PS=12&amp;map=c,specificationFilter_59&amp;O=OrderByReleaseDateDESC\"><img loading=\"lazy\" decoding=\"async\" aria-describedby=\"caption-attachment-8788\" class=\"wp-image-8788 size-full\" src=\"https:\/\/www.mormaii.com.br\/site\/wp-content\/uploads\/2019\/03\/MORMAIISHOPultraskin_categoria940x300.png\" alt=\"wct michael rodrigues kahunas\" width=\"941\" height=\"300\" srcset=\"https:\/\/www.mormaii.com.br\/site\/wp-content\/uploads\/2019\/03\/MORMAIISHOPultraskin_categoria940x300.png 941w, https:\/\/www.mormaii.com.br\/site\/wp-content\/uploads\/2019\/03\/MORMAIISHOPultraskin_categoria940x300-300x96.png 300w, https:\/\/www.mormaii.com.br\/site\/wp-content\/uploads\/2019\/03\/MORMAIISHOPultraskin_categoria940x300-768x245.png 768w, https:\/\/www.mormaii.com.br\/site\/wp-content\/uploads\/2019\/03\/MORMAIISHOPultraskin_categoria940x300-600x191.png 600w\" sizes=\"(max-width: 941px) 100vw, 941px\" \/><\/a><p id=\"caption-attachment-8788\" class=\"wp-caption-text\">Clique e confira a linha de wetsuits Mormaii 2018<\/p><\/div>\n","protected":false},"excerpt":{"rendered":"<p>Ballito Pro Primeiro QS 10.000 do ano, o Ballito Pro come\u00e7ou nesta segunda-feira (25\/06) em Ballito, \u00c1frica do Sul, pico localizado a 45 minutos ao norte de Durban. Os principais nomes do Circuito Mundial est\u00e3o presentes na surf city sul-africana e uma vit\u00f3ria pode representar um enorme passo para a elite mundial do ano que [&hellip;]<\/p>\n","protected":false},"author":5,"featured_media":0,"comment_status":"closed","ping_status":"closed","sticky":false,"template":"","format":"standard","meta":{"_uag_custom_page_level_css":"","_mi_skip_tracking":false,"footnotes":""},"categories":[40,914,7,345],"tags":[712,282,302,713,437,29,253],"class_list":["post-9928","post","type-post","status-publish","format-standard","hentry","category-esportes","category-mormaii","category-novidades","category-surf","tag-ballito-pro","tag-home","tag-ian-gouveia","tag-matehus-herdy","tag-michael-rodrigues","tag-mormaii","tag-surf"],"acf":[],"uagb_featured_image_src":{"full":false,"thumbnail":false,"medium":false,"medium_large":false,"large":false,"1536x1536":false,"2048x2048":false,"qi_addons_for_elementor_image_size_square":false,"qi_addons_for_elementor_image_size_landscape":false,"qi_addons_for_elementor_image_size_portrait":false,"qi_addons_for_elementor_image_size_huge-square":false},"uagb_author_info":{"display_name":"Tissot","author_link":"https:\/\/www.mormaii.com.br\/site\/author\/fabiano\/"},"uagb_comment_info":0,"uagb_excerpt":"Ballito Pro Primeiro QS 10.000 do ano, o Ballito Pro come\u00e7ou nesta segunda-feira (25\/06) em Ballito, \u00c1frica do Sul, pico localizado a 45 minutos ao norte de Durban. Os principais nomes do Circuito Mundial est\u00e3o presentes na surf city sul-africana e uma vit\u00f3ria pode representar um enorme passo para a elite mundial do ano que&hellip;","_links":{"self":[{"href":"https:\/\/www.mormaii.com.br\/site\/wp-json\/wp\/v2\/posts\/9928"}],"collection":[{"href":"https:\/\/www.mormaii.com.br\/site\/wp-json\/wp\/v2\/posts"}],"about":[{"href":"https:\/\/www.mormaii.com.br\/site\/wp-json\/wp\/v2\/types\/post"}],"author":[{"embeddable":true,"href":"https:\/\/www.mormaii.com.br\/site\/wp-json\/wp\/v2\/users\/5"}],"replies":[{"embeddable":true,"href":"https:\/\/www.mormaii.com.br\/site\/wp-json\/wp\/v2\/comments?post=9928"}],"version-history":[{"count":6,"href":"https:\/\/www.mormaii.com.br\/site\/wp-json\/wp\/v2\/posts\/9928\/revisions"}],"predecessor-version":[{"id":9936,"href":"https:\/\/www.mormaii.com.br\/site\/wp-json\/wp\/v2\/posts\/9928\/revisions\/9936"}],"wp:attachment":[{"href":"https:\/\/www.mormaii.com.br\/site\/wp-json\/wp\/v2\/media?parent=9928"}],"wp:term":[{"taxonomy":"category","embeddable":true,"href":"https:\/\/www.mormaii.com.br\/site\/wp-json\/wp\/v2\/categories?post=9928"},{"taxonomy":"post_tag","embeddable":true,"href":"https:\/\/www.mormaii.com.br\/site\/wp-json\/wp\/v2\/tags?post=9928"}],"curies":[{"name":"wp","href":"https:\/\/api.w.org\/{rel}","templated":true}]}}