{"id":9977,"date":"2018-07-02T00:59:54","date_gmt":"2018-07-02T03:59:54","guid":{"rendered":"https:\/\/www.mormaii.com.br\/site\/?p=9977"},"modified":"2022-06-10T10:20:04","modified_gmt":"2022-06-10T13:20:04","slug":"ouro-e-prata-na-copa-do-mundo-de-remo","status":"publish","type":"post","link":"https:\/\/www.mormaii.com.br\/site\/ouro-e-prata-na-copa-do-mundo-de-remo\/","title":{"rendered":"Ouro e prata na Copa do Mundo de Remo"},"content":{"rendered":"<p><img loading=\"lazy\" decoding=\"async\" class=\"alignnone size-full wp-image-9986\" src=\"https:\/\/www.mormaii.com.br\/site\/wp-content\/uploads\/2019\/06\/2018-06_copa-mundo-.jpg\" alt=\"\" width=\"700\" height=\"400\" srcset=\"https:\/\/www.mormaii.com.br\/site\/wp-content\/uploads\/2019\/06\/2018-06_copa-mundo-.jpg 700w, https:\/\/www.mormaii.com.br\/site\/wp-content\/uploads\/2019\/06\/2018-06_copa-mundo--300x171.jpg 300w, https:\/\/www.mormaii.com.br\/site\/wp-content\/uploads\/2019\/06\/2018-06_copa-mundo--600x343.jpg 600w\" sizes=\"(max-width: 700px) 100vw, 700px\" \/><\/p>\n<h3>Copa do Mundo de Remo<\/h3>\n<p>O Brasil encerrou neste domingo, dia 24\/06, sua participa\u00e7\u00e3o na 2\u00aa Etapa da Copa do Mundo de Remo 2018 com duas medalhas.<\/p>\n<p>A dupla Willian Giaretton e Xavier Vela Maggi conquistou a medalha de ouro no Dois Sem Masculino Peso Leve (LM2-) e a dupla de para-remo Josiane Lima e Michel Pessanha conquistou a prata no Double Skiff Misto PR2 (PR2 Mix2x).<\/p>\n<div id=\"attachment_9978\" style=\"width: 630px\" class=\"wp-caption alignnone\"><img loading=\"lazy\" decoding=\"async\" aria-describedby=\"caption-attachment-9978\" class=\"size-full wp-image-9978\" src=\"https:\/\/www.mormaii.com.br\/site\/wp-content\/uploads\/2018\/06\/2018-06_copa-mundo-04-1.jpg\" alt=\"copa do mundo de remo\" width=\"620\" height=\"390\" srcset=\"https:\/\/www.mormaii.com.br\/site\/wp-content\/uploads\/2018\/06\/2018-06_copa-mundo-04-1.jpg 620w, https:\/\/www.mormaii.com.br\/site\/wp-content\/uploads\/2018\/06\/2018-06_copa-mundo-04-1-300x189.jpg 300w, https:\/\/www.mormaii.com.br\/site\/wp-content\/uploads\/2018\/06\/2018-06_copa-mundo-04-1-600x377.jpg 600w\" sizes=\"(max-width: 620px) 100vw, 620px\" \/><p id=\"caption-attachment-9978\" class=\"wp-caption-text\">Da esquerda para direita: Josiane Lima, Michel Pessanha, Xavier Vela Maggi e Willian Giaretton<\/p><\/div>\n<p>A prova do Dois Sem Masculino Peso Leve teve apenas dois barcos inscritos, Brasil e \u00c1ustria.<\/p>\n<p>Devido a sua sa\u00edda do programa ol\u00edmpico, muitos atletas migraram para outras categorias.<\/p>\n<p>Foi disputada uma prova de exibi\u00e7\u00e3o e a Final A, com a dupla brasileira fechando cinco segundos \u00e0 frente do barco austr\u00edaco e garantindo o primeiro lugar.<\/p>\n<p>Na mesma prova em 2017, Willian e Xavier conquistaram a medalha de bronze na 2\u00aa e na 3\u00aa Etapa.<\/p>\n<p>A medalha do Double Skiff Misto PR2 tamb\u00e9m foi disputada diretamente na Final A, com apenas uma prova pr\u00e9via de exibi\u00e7\u00e3o.<\/p>\n<p>O Brasil disputou contra Holanda, Pol\u00f4nia e Ucr\u00e2nia, fechando a prova 16 segundos atr\u00e1s do barco holand\u00eas e garantindo a segunda coloca\u00e7\u00e3o.<\/p>\n<p>Em 2017, Josiane e Michel terminaram a mesma prova no quinto lugar.<\/p>\n<p>Este \u00e9 o segundo ano que as provas de para-remo s\u00e3o disputadas na dist\u00e2ncia de 2000 metros.<\/p>\n<div id=\"attachment_9979\" style=\"width: 630px\" class=\"wp-caption alignnone\"><img loading=\"lazy\" decoding=\"async\" aria-describedby=\"caption-attachment-9979\" class=\"size-full wp-image-9979\" src=\"https:\/\/www.mormaii.com.br\/site\/wp-content\/uploads\/2018\/06\/2018-06_copa-mundo-07-1.jpg\" alt=\"\" width=\"620\" height=\"390\" srcset=\"https:\/\/www.mormaii.com.br\/site\/wp-content\/uploads\/2018\/06\/2018-06_copa-mundo-07-1.jpg 620w, https:\/\/www.mormaii.com.br\/site\/wp-content\/uploads\/2018\/06\/2018-06_copa-mundo-07-1-300x189.jpg 300w, https:\/\/www.mormaii.com.br\/site\/wp-content\/uploads\/2018\/06\/2018-06_copa-mundo-07-1-600x377.jpg 600w\" sizes=\"(max-width: 620px) 100vw, 620px\" \/><p id=\"caption-attachment-9979\" class=\"wp-caption-text\">Josiane Lima e Michel Pessanha cruzando a linha de chegada da prova Double Skiff Misto PR2<\/p><\/div>\n<p>No para-remo tamb\u00e9m estava o atleta Ren\u00ea Pereira representando o Brasil no Single Skiff Masculino PR1 (PR1 M1x).<\/p>\n<p>O remador baiano conquistou a segunda posi\u00e7\u00e3o da sua bateria Eliminat\u00f3ria, classificando-se para a Semifinal A\/B, onde terminou novamente em segundo lugar.<\/p>\n<p>Na Final A, baixou seu tempo em 10 segundos em rela\u00e7\u00e3o a eliminat\u00f3ria, terminado em quarto. Em 2017, Ren\u00ea havia conquistado na mesma prova a quinta coloca\u00e7\u00e3o.<\/p>\n<div id=\"attachment_9980\" style=\"width: 630px\" class=\"wp-caption alignnone\"><img loading=\"lazy\" decoding=\"async\" aria-describedby=\"caption-attachment-9980\" class=\"size-full wp-image-9980\" src=\"https:\/\/www.mormaii.com.br\/site\/wp-content\/uploads\/2018\/06\/2018-06_copa-mundo-08.jpg\" alt=\"\" width=\"620\" height=\"390\" srcset=\"https:\/\/www.mormaii.com.br\/site\/wp-content\/uploads\/2018\/06\/2018-06_copa-mundo-08.jpg 620w, https:\/\/www.mormaii.com.br\/site\/wp-content\/uploads\/2018\/06\/2018-06_copa-mundo-08-300x189.jpg 300w, https:\/\/www.mormaii.com.br\/site\/wp-content\/uploads\/2018\/06\/2018-06_copa-mundo-08-600x377.jpg 600w\" sizes=\"(max-width: 620px) 100vw, 620px\" \/><p id=\"caption-attachment-9980\" class=\"wp-caption-text\">Ren\u00ea Pereira ao lado do t\u00e9cnico de para-remo da CBR, Guilherme Soares<\/p><\/div>\n<p>A dupla Willian e Xavier tamb\u00e9m disputou a categoria Dois Sem Masculino (M2-).<\/p>\n<p>Com a quarta coloca\u00e7\u00e3o nas Eliminat\u00f3rias, foram para a Repescagem e classificaram-se para a Semifinal A\/B.<\/p>\n<p>O sexto lugar os colocou na Final B, terminado a prova com o 10\u00ba lugar geral da categoria. Esta foi a primeira participa\u00e7\u00e3o da dupla nesta prova da Copa do Mundo.<\/p>\n<p>O resultado, entre os 21 participantes, foi muito positivo, superando pa\u00edses tradicionais como Fran\u00e7a, Holanda, Nova Zel\u00e2ncia e a Argentina, campe\u00e3 da categoria no Sul-Americano.<\/p>\n<p>Tamb\u00e9m participaram desta etapa os atletas Uncas Tales Batista, Lucas Verthein e Milena Viana.<\/p>\n<p>Uncas disputou a prova do Single Skiff Masculino Peso Leve (LM1x) e terminou na 3\u00aa coloca\u00e7\u00e3o da Final B.<\/p>\n<p>Lucas ficou com o 5\u00ba lugar da Final D do Single Skiff Masculino (M1x). Milena disputou no Single Skiff Feminino (W1x) e chegou a 6\u00aa coloca\u00e7\u00e3o da Final B, uma \u00f3tima evolu\u00e7\u00e3o em rela\u00e7\u00e3o a 2017.<\/p>\n<p>Seu tempo na Semifinal superou a remadora da Su\u00e9cia, atual campe\u00e3o da categoria Sub 23.<\/p>\n<div id=\"attachment_9981\" style=\"width: 630px\" class=\"wp-caption alignnone\"><img loading=\"lazy\" decoding=\"async\" aria-describedby=\"caption-attachment-9981\" class=\"size-full wp-image-9981\" src=\"https:\/\/www.mormaii.com.br\/site\/wp-content\/uploads\/2018\/06\/2018-06_copa-mundo-06.jpg\" alt=\"\" width=\"620\" height=\"390\" srcset=\"https:\/\/www.mormaii.com.br\/site\/wp-content\/uploads\/2018\/06\/2018-06_copa-mundo-06.jpg 620w, https:\/\/www.mormaii.com.br\/site\/wp-content\/uploads\/2018\/06\/2018-06_copa-mundo-06-300x189.jpg 300w, https:\/\/www.mormaii.com.br\/site\/wp-content\/uploads\/2018\/06\/2018-06_copa-mundo-06-600x377.jpg 600w\" sizes=\"(max-width: 620px) 100vw, 620px\" \/><p id=\"caption-attachment-9981\" class=\"wp-caption-text\">A remadora Milena Viana em prepara\u00e7\u00e3o para a prova do Single Skiff Feminino<\/p><\/div>\n<p>A 2\u00aa Etapa da Copa do Mundo de Remo 2018 foi realizada na raia de Linz-Ottensheim, na \u00c1ustria, entre os dias 22 e 24 de junho, com mais de 700 atletas inscritos.<\/p>\n<p>Este ano, a primeira etapa foi disputada na S\u00e9rvia, entre 01 e 03 de junho, e a terceira etapa ser\u00e1 realizada na Su\u00ed\u00e7a, entre 13 e 15 de julho.<\/p>\n<p>A cidade de Linz recebeu a segunda etapa pois est\u00e1 em per\u00edodo de testes para sediar o Campeonato Mundial de Remo S\u00eanior de 2019.<\/p>\n<p>A Sele\u00e7\u00e3o Brasileira de Remo viajou em miss\u00e3o organizada pela CBR.<\/p>\n<p>Os atletas ol\u00edmpicos est\u00e3o acompanhados pelo Coordenador T\u00e9cnico, Marcello Varriale, e pelo t\u00e9cnico do Botafogo (RJ), Paulo Vin\u00edcius Alves de Souza.<\/p>\n<p>Na equipe paral\u00edmpica, os atletas viajaram acompanhados pelo t\u00e9cnico Guilherme Soares e pelo fisioterapeuta Rafael Jacob.<\/p>\n<p>Os remadores disputaram as provas em barcos Filippi alugados pela CBR.<\/p>\n<div id=\"attachment_9984\" style=\"width: 630px\" class=\"wp-caption alignnone\"><img loading=\"lazy\" decoding=\"async\" aria-describedby=\"caption-attachment-9984\" class=\"wp-image-9984 size-full\" src=\"https:\/\/www.mormaii.com.br\/site\/wp-content\/uploads\/2019\/06\/2018-06_copa-mundo-05.jpg\" alt=\"\" width=\"620\" height=\"390\" srcset=\"https:\/\/www.mormaii.com.br\/site\/wp-content\/uploads\/2019\/06\/2018-06_copa-mundo-05.jpg 620w, https:\/\/www.mormaii.com.br\/site\/wp-content\/uploads\/2019\/06\/2018-06_copa-mundo-05-300x189.jpg 300w, https:\/\/www.mormaii.com.br\/site\/wp-content\/uploads\/2019\/06\/2018-06_copa-mundo-05-600x377.jpg 600w\" sizes=\"(max-width: 620px) 100vw, 620px\" \/><p id=\"caption-attachment-9984\" class=\"wp-caption-text\">Da esq para dir: Josiane Lima, Rafael Jacob, Ren\u00ea Pereira, Guilherme Soares e Michel Pessanha<\/p><\/div>\n<p>Todos os atletas receberam um kit que inclu\u00eda Certificado Oficial de Convoca\u00e7\u00e3o, camiseta Remo Brasil, uniforme Mormaii e garrafa t\u00e9rmica Hydrotank by Urbnsol.<\/p>\n<p>As empresas Mormaii e Urbnsol est\u00e3o apoiando a Sele\u00e7\u00e3o Brasileira de Remo e forneceram os produtos sem custo.<\/p>\n<p>A camiseta e o certificado foram pagos com recursos pr\u00f3prios da confedera\u00e7\u00e3o.<\/p>\n<p>As despesas de passagem a\u00e9rea, hospedagem, alimenta\u00e7\u00e3o, transporte e seguro foram pagas pela CBR atrav\u00e9s de recursos da Lei Agnelo\/Piva.<\/p>\n<p>Excepcionalmente neste evento, as passagens a\u00e9reas dos atletas Lucas Verthein, Uncas Tales Batista e do t\u00e9cnico Paulo Vin\u00edcius, foram pagas pelo Botafogo (RJ).<\/p>\n<p>Os projetos da CBR s\u00e3o auditados pelo Comit\u00ea Ol\u00edmpico do Brasil (COB) e pelo Comit\u00ea Paral\u00edmpico Brasileiro (CPB).<\/p>\n<p>A presta\u00e7\u00e3o de contas de todos os eventos est\u00e1 dispon\u00edvel no link Transpar\u00eancia\/Projetos.<\/p>\n<p><em>Cr\u00e9dito das Imagens: Detlev Seyb\/FISA \/\/ Fonte: Confedera\u00e7\u00e3o Brasileira de Remo.<\/em><\/p>\n<div id=\"attachment_8246\" style=\"width: 1409px\" class=\"wp-caption alignnone\"><a href=\"https:\/\/www.mormaiishop.com.br\/\"><img loading=\"lazy\" decoding=\"async\" aria-describedby=\"caption-attachment-8246\" class=\"wp-image-8246 size-full\" src=\"https:\/\/www.mormaii.com.br\/site\/wp-content\/uploads\/2018\/02\/mormaii-running-corrida.jpg\" alt=\"Clique e conhe\u00e7a a linha running Mormaii\" width=\"1399\" height=\"442\" srcset=\"https:\/\/www.mormaii.com.br\/site\/wp-content\/uploads\/2018\/02\/mormaii-running-corrida.jpg 1399w, https:\/\/www.mormaii.com.br\/site\/wp-content\/uploads\/2018\/02\/mormaii-running-corrida-600x190.jpg 600w, https:\/\/www.mormaii.com.br\/site\/wp-content\/uploads\/2018\/02\/mormaii-running-corrida-300x95.jpg 300w, https:\/\/www.mormaii.com.br\/site\/wp-content\/uploads\/2018\/02\/mormaii-running-corrida-768x243.jpg 768w, https:\/\/www.mormaii.com.br\/site\/wp-content\/uploads\/2018\/02\/mormaii-running-corrida-1024x324.jpg 1024w\" sizes=\"(max-width: 1399px) 100vw, 1399px\" \/><\/a><p id=\"caption-attachment-8246\" class=\"wp-caption-text\">Clique e acesse o Mormaii Shop<\/p><\/div>\n","protected":false},"excerpt":{"rendered":"<p>Copa do Mundo de Remo O Brasil encerrou neste domingo, dia 24\/06, sua participa\u00e7\u00e3o na 2\u00aa Etapa da Copa do Mundo de Remo 2018 com duas medalhas. A dupla Willian Giaretton e Xavier Vela Maggi conquistou a medalha de ouro no Dois Sem Masculino Peso Leve (LM2-) e a dupla de para-remo Josiane Lima e [&hellip;]<\/p>\n","protected":false},"author":5,"featured_media":9979,"comment_status":"closed","ping_status":"closed","sticky":false,"template":"","format":"standard","meta":{"_uag_custom_page_level_css":"","_mi_skip_tracking":false,"footnotes":""},"categories":[40,914,7],"tags":[717,282,29],"class_list":["post-9977","post","type-post","status-publish","format-standard","has-post-thumbnail","hentry","category-esportes","category-mormaii","category-novidades","tag-copa-do-mundo-de-remo","tag-home","tag-mormaii"],"acf":[],"uagb_featured_image_src":{"full":["https:\/\/www.mormaii.com.br\/site\/wp-content\/uploads\/2018\/06\/2018-06_copa-mundo-07-1.jpg",620,390,false],"thumbnail":["https:\/\/www.mormaii.com.br\/site\/wp-content\/uploads\/2018\/06\/2018-06_copa-mundo-07-1-150x150.jpg",150,150,true],"medium":["https:\/\/www.mormaii.com.br\/site\/wp-content\/uploads\/2018\/06\/2018-06_copa-mundo-07-1-300x189.jpg",300,189,true],"medium_large":["https:\/\/www.mormaii.com.br\/site\/wp-content\/uploads\/2018\/06\/2018-06_copa-mundo-07-1.jpg",620,390,false],"large":["https:\/\/www.mormaii.com.br\/site\/wp-content\/uploads\/2018\/06\/2018-06_copa-mundo-07-1.jpg",620,390,false],"1536x1536":["https:\/\/www.mormaii.com.br\/site\/wp-content\/uploads\/2018\/06\/2018-06_copa-mundo-07-1.jpg",620,390,false],"2048x2048":["https:\/\/www.mormaii.com.br\/site\/wp-content\/uploads\/2018\/06\/2018-06_copa-mundo-07-1.jpg",620,390,false],"qi_addons_for_elementor_image_size_square":["https:\/\/www.mormaii.com.br\/site\/wp-content\/uploads\/2018\/06\/2018-06_copa-mundo-07-1.jpg",620,390,false],"qi_addons_for_elementor_image_size_landscape":["https:\/\/www.mormaii.com.br\/site\/wp-content\/uploads\/2018\/06\/2018-06_copa-mundo-07-1.jpg",620,390,false],"qi_addons_for_elementor_image_size_portrait":["https:\/\/www.mormaii.com.br\/site\/wp-content\/uploads\/2018\/06\/2018-06_copa-mundo-07-1.jpg",620,390,false],"qi_addons_for_elementor_image_size_huge-square":["https:\/\/www.mormaii.com.br\/site\/wp-content\/uploads\/2018\/06\/2018-06_copa-mundo-07-1.jpg",620,390,false]},"uagb_author_info":{"display_name":"Tissot","author_link":"https:\/\/www.mormaii.com.br\/site\/author\/fabiano\/"},"uagb_comment_info":0,"uagb_excerpt":"Copa do Mundo de Remo O Brasil encerrou neste domingo, dia 24\/06, sua participa\u00e7\u00e3o na 2\u00aa Etapa da Copa do Mundo de Remo 2018 com duas medalhas. A dupla Willian Giaretton e Xavier Vela Maggi conquistou a medalha de ouro no Dois Sem Masculino Peso Leve (LM2-) e a dupla de para-remo Josiane Lima e&hellip;","_links":{"self":[{"href":"https:\/\/www.mormaii.com.br\/site\/wp-json\/wp\/v2\/posts\/9977"}],"collection":[{"href":"https:\/\/www.mormaii.com.br\/site\/wp-json\/wp\/v2\/posts"}],"about":[{"href":"https:\/\/www.mormaii.com.br\/site\/wp-json\/wp\/v2\/types\/post"}],"author":[{"embeddable":true,"href":"https:\/\/www.mormaii.com.br\/site\/wp-json\/wp\/v2\/users\/5"}],"replies":[{"embeddable":true,"href":"https:\/\/www.mormaii.com.br\/site\/wp-json\/wp\/v2\/comments?post=9977"}],"version-history":[{"count":4,"href":"https:\/\/www.mormaii.com.br\/site\/wp-json\/wp\/v2\/posts\/9977\/revisions"}],"predecessor-version":[{"id":9987,"href":"https:\/\/www.mormaii.com.br\/site\/wp-json\/wp\/v2\/posts\/9977\/revisions\/9987"}],"wp:featuredmedia":[{"embeddable":true,"href":"https:\/\/www.mormaii.com.br\/site\/wp-json\/wp\/v2\/media\/9979"}],"wp:attachment":[{"href":"https:\/\/www.mormaii.com.br\/site\/wp-json\/wp\/v2\/media?parent=9977"}],"wp:term":[{"taxonomy":"category","embeddable":true,"href":"https:\/\/www.mormaii.com.br\/site\/wp-json\/wp\/v2\/categories?post=9977"},{"taxonomy":"post_tag","embeddable":true,"href":"https:\/\/www.mormaii.com.br\/site\/wp-json\/wp\/v2\/tags?post=9977"}],"curies":[{"name":"wp","href":"https:\/\/api.w.org\/{rel}","templated":true}]}}